{"id":8,"date":"2024-02-22T06:32:39","date_gmt":"2024-02-22T04:32:39","guid":{"rendered":"https:\/\/naturheilt.com\/blog\/?p=8"},"modified":"2024-02-22T08:37:01","modified_gmt":"2024-02-22T06:37:01","slug":"zu-viele-antibiotika-fur-kinder","status":"publish","type":"post","link":"https:\/\/naturheilt.com\/blog\/zu-viele-antibiotika-fur-kinder\/","title":{"rendered":"Zu viele Antibiotika f\u00fcr Kinder"},"content":{"rendered":"<p>Seit Jahren stehe ich auf der Barrikade (und ich bin bei weitem nicht allein), wenn es um die kritiklose und fast automatische Verschreibung von Antibiotika bei jeder erdenklichen Entz\u00fcndung bei Kindern geht. Und genau darum geht es in diesem Beitrag.<\/p>\n<p><!--more--><\/p>\n<p>Die Vorw\u00fcrfe, die ich mir zu meiner &#8222;Antibiotika-Kritik&#8220; anh\u00f6ren musste, reichten von &#8222;unverantwortlich&#8220; bis hin zu Warnungen vor den Risiken einer Nichtbehandlung. Dabei habe ich nie die Notwendigkeit einer Antibiotika-Therapie in Abrede gestellt, wenn sie denn gerechtfertigt ist. Und genau das ist der Kern des Problems.<\/p>\n<p>Die Probleme mit den Antibiotika hatte ich bereits in einem Grundsatzbeitrag ausf\u00fchrlich diskutiert: <a href=\"https:\/\/www.naturheilt.com\/antibiotika\/\">Der Fluch der Antibiotika<\/a><\/p>\n<p>Es ist also mehr als an der Zeit, die Praxis zu hinterfragen, bei nahezu jedem Infekt (insbesondere zum Beispiel bei <a href=\"https:\/\/www.naturheilt.com\/mittelohrentzuendung\/\">Mittelohrentz\u00fcndungen<\/a>) reflexartig zu Antibiotika zu greifen.<\/p>\n<p>Und wie es scheint, sind es nicht nur einzelne kritische Stimmen wie meine, die sich erheben.<\/p>\n<p><strong>Auch Krankenkassen und &#8222;Gesundheitsexperten&#8220; schlagen Alarm:<\/strong><\/p>\n<p>Arzneimittelexperte Bern Glaeske hat bei der Pr\u00e4sentation einer Untersuchung der Gm\u00fcnder Ersatzkasse GEK aufgezeigt, wie bedenklich es ist, dass bei 80% der Kinder mit Mittelohrentz\u00fcndung und Infektionen der oberen Atemwege Antibiotika verordnet werden:<\/p>\n<p><em>&#8222;Vielleicht beruhigt das die \u00c4rzte, vielleicht beruhigt es die Eltern \u2013 aber sicher nicht die Viren.&#8220;<\/em><\/p>\n<p>Dieses Problem ist nicht neu. Ich habe es bereits in einem Beitrag auf meinem Heilfasten-Blog thematisiert: <a href=\"https:\/\/www.gesund-heilfasten.de\/blog\/wiederkehrende-mittelohrentzuendungen\/\" target=\"_blank\" rel=\"noopener\">Wiederkehrende Mittelohrentz\u00fcndungen (gesund-heilfasten.de)<\/a><\/p>\n<p>Der Fokus sollte viel st\u00e4rker auf der St\u00e4rkung der Immunabwehr der Kinder liegen, anstatt auf dem Kampf gegen Symptome mit Antibiotika. Mehr dazu in meinem Artikel zum Thema Immunsystem st\u00e4rken: <a href=\"https:\/\/www.naturheilt.com\/abwehrkraefte-staerken\/\">Wie Sie Ihre Abwehrkr\u00e4fte st\u00e4rken und das Immunsystem auf Trab bringen<\/a><\/p>\n<p>Auch die Frage eines Lesers zu Ern\u00e4hrung, Erk\u00e4ltungen und dem Immunsystem habe ich bereits beantwortet: <a href=\"https:\/\/www.gesund-heilfasten.de\/blog\/ernaehrung-erkaeltung-immunsystem\/\" target=\"_blank\" rel=\"noopener\">Was Erk\u00e4ltung, Ern\u00e4hrung und das Immunsystem miteinander zu tun haben (gesund-heilfasten.de)<\/a><\/p>\n<p>Trotz dieser Erkenntnisse beobachte ich in der Praxis immer noch, dass \u00c4rzte eine &#8222;Drohkulisse&#8220; aufbauen, um die Verwendung von Antibiotika zu rechtfertigen. Und auch viele Eltern zeigen sich unvern\u00fcnftig, indem sie bei jedem kleinen Infekt Antibiotika f\u00fcr ihre Kinder fordern.<\/p>\n<h2>Neuere Forschung: Zu viele Antibiotika f\u00fcr Kinder<\/h2>\n<p>Neuere Forschungen und Diskussionen in der Schulmedizin best\u00e4tigen die Dringlichkeit, den Einsatz von Antibiotika bei Kindern noch kritischer zu hinterfragen. Es mehren sich die Stimmen, die eine st\u00e4rkere Zur\u00fcckhaltung fordern und die Notwendigkeit betonen, das Immunsystem auf nat\u00fcrliche Weise zu st\u00e4rken.<\/p>\n<p>Beispiele:<\/p>\n<p>Eine Studie, die <strong>psychologische und kulturelle Faktoren in Bezug auf die Verschreibung von Antibiotika<\/strong> untersucht, hebt hervor, dass individuelle Faktoren, wie die Bindung zwischen Mutter und Kind sowie Erziehungsstile, eine entscheidende Rolle bei der Verwendung von Antibiotika spielen. Dar\u00fcber hinaus beeinflussen makrokontextuelle Faktoren, wie wirtschaftliche, soziale oder kulturelle Hintergr\u00fcnde, die Verwendungsraten von Antibiotika. Alles klar? [<a href=\"https:\/\/pubmed.ncbi.nlm.nih.gov\/36720668\/\" target=\"_blank\" rel=\"noopener\">Quelle<\/a>]<\/p>\n<p>Eine weitere Untersuchung von der Washington University in St. Louis und The Pew Charitable Trusts, die Daten von privaten Krankenversicherungsanspr\u00fcchen analysierte, fand heraus, dass unangemessene Antibiotikaverschreibungen bei Kindern mit sieben h\u00e4ufigen ambulanten Infektionen im Jahr 2017 zu \u00fcberm\u00e4\u00dfigen Gesundheitskosten in H\u00f6he von 74 Millionen US-Dollar in den USA f\u00fchrten. <strong>Die Ergebnisse zeigten auch ein bis zu achtfach erh\u00f6htes Risiko f\u00fcr individuelle unerw\u00fcnschte Arzneimittelereignisse (z.B. sch\u00e4dliche Wirkungen von Medikamenten) bei Patienten, die unangemessene Antibiotika erhielten.<\/strong> Die Studie unterstreicht die Notwendigkeit, die Bem\u00fchungen zur Antibiotikasteuerung zu verbessern, um sicherzustellen, dass diese Medikamente angemessen verschrieben werden??. Ach was? [<a href=\"https:\/\/www.pewtrusts.org\/en\/research-and-analysis\/fact-sheets\/2022\/05\/study-shows-that-inappropriate-antibiotic-prescribing-for-children-leads-to-increased-complications\" target=\"_blank\" rel=\"noopener\">Quelle<\/a>]<\/p>\n<p><strong>\u00dcbrigens: Wenn Sie solche Informationen interessieren, dann fordern Sie unbedingt meinen Praxis-Newsletter mit den &#8222;5 Wundermitteln&#8220; an:<\/strong><br \/>\n<script type=\"text\/javascript\" src=\"https:\/\/rene-graeber.de\/view_webform_v2.js?u=v9&#038;webforms_id=pD2TS\"><\/script><\/p>\n<p>Kleine Anmerkung: Die Sache mit den &#8222;5 Wundermitteln&#8220; ist mit Abstand der beliebteste Newsletter, den meine Patienten gerne lesen&#8230;<\/p>\n<p>Dieser Beitrag wurde im Juni 2008 erstmalig erstellt und letztmalig am 22.2.2024 erg\u00e4nzt.<\/p>\n<p>Beitragsbild: pixabay.com &#8211; Matvevna<\/p>\n","protected":false},"excerpt":{"rendered":"<p>Seit Jahren stehe ich auf der Barrikade (und ich bin bei weitem nicht allein), wenn es um die kritiklose und fast automatische Verschreibung von Antibiotika bei jeder erdenklichen Entz\u00fcndung bei Kindern geht. Und genau darum geht es in diesem Beitrag.<\/p>\n","protected":false},"author":19,"featured_media":5318,"comment_status":"open","ping_status":"open","sticky":false,"template":"","format":"standard","meta":{"_lmt_disableupdate":"","_lmt_disable":"","footnotes":""},"categories":[3,4],"tags":[],"class_list":["post-8","post","type-post","status-publish","format-standard","has-post-thumbnail","hentry","category-krankheiten","category-symptome"],"modified_by":"Ren\u00e9 Gr\u00e4ber","_links":{"self":[{"href":"https:\/\/naturheilt.com\/blog\/wp-json\/wp\/v2\/posts\/8","targetHints":{"allow":["GET"]}}],"collection":[{"href":"https:\/\/naturheilt.com\/blog\/wp-json\/wp\/v2\/posts"}],"about":[{"href":"https:\/\/naturheilt.com\/blog\/wp-json\/wp\/v2\/types\/post"}],"author":[{"embeddable":true,"href":"https:\/\/naturheilt.com\/blog\/wp-json\/wp\/v2\/users\/19"}],"replies":[{"embeddable":true,"href":"https:\/\/naturheilt.com\/blog\/wp-json\/wp\/v2\/comments?post=8"}],"version-history":[{"count":0,"href":"https:\/\/naturheilt.com\/blog\/wp-json\/wp\/v2\/posts\/8\/revisions"}],"wp:featuredmedia":[{"embeddable":true,"href":"https:\/\/naturheilt.com\/blog\/wp-json\/wp\/v2\/media\/5318"}],"wp:attachment":[{"href":"https:\/\/naturheilt.com\/blog\/wp-json\/wp\/v2\/media?parent=8"}],"wp:term":[{"taxonomy":"category","embeddable":true,"href":"https:\/\/naturheilt.com\/blog\/wp-json\/wp\/v2\/categories?post=8"},{"taxonomy":"post_tag","embeddable":true,"href":"https:\/\/naturheilt.com\/blog\/wp-json\/wp\/v2\/tags?post=8"}],"curies":[{"name":"wp","href":"https:\/\/api.w.org\/{rel}","templated":true}]}}