{"id":6362,"date":"2025-03-22T13:04:35","date_gmt":"2025-03-22T11:04:35","guid":{"rendered":"https:\/\/naturheilt.com\/blog\/?p=6362"},"modified":"2025-08-05T22:22:15","modified_gmt":"2025-08-05T20:22:15","slug":"allergien-immer-aggressiver","status":"publish","type":"post","link":"https:\/\/naturheilt.com\/blog\/allergien-immer-aggressiver\/","title":{"rendered":"Warum Allergien im Fr\u00fchjahr aggressiver sind als je zuvor"},"content":{"rendered":"<p>Wenn Allergien wirklich nur vom Fr\u00fchling k\u00e4men, dann m\u00fcssten die Amischen im Mittleren Westen l\u00e4ngst niesen wie wir. Tun sie aber nicht. Kein Heuschnupfen, kein allergisches Asthma, kaum Neurodermitis \u2013 und das, obwohl sie inmitten bl\u00fchender Felder leben. Der Unterschied? Sie leben &#8222;nat\u00fcrlicher&#8220; und lehnen vieles ab, was wir als &#8222;modern&#8220; bezeichnen.<\/p>\n<p>Diese Beobachtung allein w\u00fcrde reichen, um Alarmglocken schrillen zu lassen. Stattdessen klammert man sich an die Schulmedizin, an nebul\u00f6se CO2-Erkl\u00e4rungen und den Klimawandel, als sei der Bl\u00fctenstaub pl\u00f6tzlich ein politisches Problem geworden. Dass wir mitten in einem beispiellosen Immun-Desaster stecken, das auch durch gentechnisch basierte Injektionen mitverursacht sein k\u00f6nnte \u2013 dar\u00fcber redet niemand.<\/p>\n<p>Ich behandle seit \u00fcber 25 Jahren Menschen mit Allergien. Was ich (auch) in den letzten drei Jahren gesehen habe, stellt alles bisher Gekannte in den Schatten: Mehr Pollenreaktionen, mehr Kreuzallergien, mehr Hautprobleme. Die Ursache? Liegt tiefer. Und sie l\u00e4sst sich nicht mit einem Luftfilter aus dem Baumarkt l\u00f6sen.<\/p>\n<p><strong>Aber der Reihe nach:<\/strong><\/p>\n<p>Wenn die Diskussion auf eine relativ offensichtliche Ursache f\u00fcr Allergien kommt, dann gibt es besonders starken Widerstand von der Schulmedizin und der Pharmaindustrie. Denn diese Ursache, wenn man sie beseitigen wollte, w\u00fcrde Milliarden an Umsatzeinbu\u00dfen bedeuten:\u00a0<a href=\"https:\/\/naturheilt.com\/blog\/geimpfte-kinder-allergien-neurologische-stoerungen\/\">Studie zeigt: Mehr Allergien und neurologische St\u00f6rungen durch Impfungen<\/a><\/p>\n<p>Aber was deutet darauf hin, dass die Fr\u00fchlingsallergien jetzt noch st\u00e4rker zuschlagen als zuvor?<\/p>\n<p><strong>\u00dcbrigens: Wenn Sie solche Informationen interessieren, dann fordern Sie unbedingt meinen kostenlosen Praxis-Newsletter &#8222;Unabh\u00e4ngig. Nat\u00fcrlich. Klare Kante.&#8220; dazu an:<\/strong><br \/>\n<script type=\"text\/javascript\" src=\"https:\/\/rene-graeber.de\/view_webform_v2.js?u=v9&#038;webforms_id=pL1KE\"><\/script><\/p>\n<h3>Klimawandel als Allergie-Ursache?<\/h3>\n<p>Bald ist es wieder so weit: W\u00e4hrend wir uns von der Erk\u00e4ltungs- und Grippesaison verabschieden, bricht eine neue Welle von Schnupfen und Niesen \u00fcber uns herein \u2013 dank der Fr\u00fchlingsallergien.<\/p>\n<p>Saisonale Allergien, die von Heuschnupfen \u00fcber allergische Rhinitis bis hin zu Pollenallergien reichen, scheinen Jahr f\u00fcr Jahr intensiver zu werden und l\u00e4nger anzuhalten. In einigen Teilen Nordamerikas hat sich die Allergiesaison um bis zu drei Wochen verl\u00e4ngert.<\/p>\n<p>\u00d6ffentliche Gesundheits- und Forschungsorganisationen wie die \u201eCenters for Disease Control and Prevention\u201c (CDC) und die \u201eAsthma and Allergy Foundation of America\u201c weisen auf den Klimawandel als m\u00f6glichen Faktor f\u00fcr die Versch\u00e4rfung der Allergiesaison hin:\u00a0<a href=\"https:\/\/www.cdc.gov\/climate-health\/php\/effects\/allergens-and-pollen.html\" target=\"_blank\" rel=\"noopener\">Allergens and Pollen | Climate and Health | CDC<\/a><\/p>\n<p>Laut CDC soll sogar das erh\u00f6hte CO2 f\u00fcr die Allergien verantwortlich sein. Allerdings gibt es keine Erkl\u00e4rung, welcher CO2-Mechanismus hier am Werk ist. Glauben ist mal wieder angesagt, ganz wie bei der \u201ePandemie\u201c, wo die CDC auch federf\u00fchrend einen Stapel an M\u00e4rchen produzierte: <a href=\"https:\/\/freie-impfentscheidung.de\/krebs-durch-impfstoff-die-selbstzensur-bei-der-cdc\/\" target=\"_blank\" rel=\"noopener\">Krebs durch Impfstoff? Die Selbstzensur bei der CDC<\/a><\/p>\n<p>Dass hier die Gen-Injektionen gegen Corona eine Rolle spielen k\u00f6nnten, auf diese Idee scheint niemand kommen zu wollen. Warum die Gen-Injektionen? Weil in den Industrienationen eine \u00dcberzahl der Bev\u00f6lkerung (in Deutschland rund 73 %) diese Tortur \u00fcber sich ergehen lassen hat und damit mit einer signifikanten St\u00f6rung des Immunhaushaltes rechnen darf.<\/p>\n<ul>\n<li><a href=\"https:\/\/freie-impfentscheidung.de\/schaedigt-corona-impfung-darmbakterien\/\" target=\"_blank\" rel=\"noopener\">Sch\u00e4digt die Corona-Impfung die Darmbakterien?<\/a><\/li>\n<li><a href=\"https:\/\/freie-impfentscheidung.de\/pfizer-impfung-immunsystem\/\" target=\"_blank\" rel=\"noopener\">Programmiert die Pfizer-\u201eImpfung\u201c das Immunsystem um?<\/a><\/li>\n<li><a href=\"https:\/\/freie-impfentscheidung.de\/coronaimpfung-gene-immunsystem\/\" target=\"_blank\" rel=\"noopener\">Die \u201eCoronaimpfung\u201c, die Gene und das Immunsystem<\/a><\/li>\n<li><a href=\"https:\/\/freie-impfentscheidung.de\/sind-amisch-kinder-gesuender\/\" target=\"_blank\" rel=\"noopener\">Weniger Impfungen, ges\u00fcndere Kinder? Was wir von Amisch-Familien \u00fcber Impfstoffe lernen k\u00f6nnen<\/a><\/li>\n<li><a href=\"https:\/\/freie-impfentscheidung.de\/gen-injektionen-pfizer-immunsystem-kinder\/\" target=\"_blank\" rel=\"noopener\">Schw\u00e4chen die Gen-Injektionen von Pfizer das Immunsystem der Kinder?<\/a><\/li>\n<\/ul>\n<p>Unter diesen Voraussetzungen scheint der Klimawandel und vor allem das \u201eb\u00f6se CO2\u201c doch etwas weit hergeholt zu sein.<\/p>\n<p><strong>\u00dcbrigens: Wenn Sie solche Informationen interessieren, dann fordern Sie unbedingt meinen Praxis-Newsletter dazu an:<\/strong><br \/>\n<script type=\"text\/javascript\" src=\"https:\/\/rene-graeber.de\/view_webform_v2.js?u=v9&#038;webforms_id=pD2gv\"><\/script><\/p>\n<h4>Etwas logischer erscheint folgende Erkl\u00e4rung<\/h4>\n<p>Bei w\u00e4rmeren Lufttemperaturen k\u00f6nnen best\u00e4ubende Pflanzen fr\u00fchere und l\u00e4ngere Wachstumsperioden erleben und so mehr Pollen produzieren.<\/p>\n<p><em>\u201eDer Klimawandel beeinflusst die Allergiesaison, da der gleichm\u00e4\u00dfige Rhythmus, beispielsweise der Pollenbildung im Fr\u00fchling, v\u00f6llig aus dem Gleichgewicht geraten ist. Gebiete, die zu einem bestimmten Zeitpunkt nicht best\u00e4ubt wurden, best\u00e4uben fr\u00fcher, w\u00e4hrend andere Gebiete sp\u00e4ter best\u00e4uben\u201c<\/em>, erkl\u00e4rte Dr. Frederic Bertley, Pr\u00e4sident und CEO des \u201eCenter of Science and Industry\u201c (COSI).<\/p>\n<p><em>\u201eDer Trend der letzten Jahre ist eine Zunahme allergischer Reaktionen bei Menschen im Allgemeinen und eine Zunahme allergischer Reaktionen nach Alter\u201c<\/em>, f\u00fcgte er hinzu.<\/p>\n<p>Mehr als ein Viertel der Erwachsenen und etwa jedes f\u00fcnfte Kind in den USA leiden an saisonalen Allergien. Aktuelle Sch\u00e4tzungen beziffern die pollenbedingten medizinischen Kosten auf \u00fcber 3 Milliarden Dollar j\u00e4hrlich.<\/p>\n<p>Aber selbst bei einer schlimmeren Allergiesaison gibt es wirksame Strategien, um die Pollenbelastung zu verringern und das Allergierisiko zu senken. Hier ist Ihr Leitfaden, um dieses Jahr schnupfenfrei zu bleiben und den Fr\u00fchling zu genie\u00dfen:<\/p>\n<h3>Akut-Ma\u00dfnahmen: Reduzieren Sie die Belastung im Haus<\/h3>\n<p>Die Begrenzung der Pollenbelastung ist der zun\u00e4chst beste Weg, um Symptome w\u00e4hrend der Allergiesaison zu vermeiden. Halten Sie Ihr Zuhause pollenfrei, w\u00e4hrend Sie sich im Haus aufhalten.<\/p>\n<p><strong>Also die Pollen drau\u00dfen lassen:<\/strong> Schlie\u00dfen Sie w\u00e4hrend der Allergiesaison T\u00fcren und Fenster, um Pollen fernzuhalten.<\/p>\n<p><strong>HEPA-Filter installieren:<\/strong> Verwenden Sie nach M\u00f6glichkeit HEPA-Filter in Ihrer Heizungs-, L\u00fcftungs- und Klimaanlage, um Pollen und andere potenzielle Allergene wie Schimmel aus Ihrem Zuhause fernzuhalten.<\/p>\n<p><strong>Fr\u00fchjahrsputz:<\/strong> Ein kleiner Fr\u00fchjahrsputz kann viel dazu beitragen, Allergene in Ihrem Zuhause zu reduzieren. Nehmen Sie sich Zeit zum Staubwischen und Putzen: Staub und Hautschuppen im Haus enthalten Pollen und andere Allergene.<\/p>\n<p>Wenn Sie ein <strong>Haustier<\/strong> haben, ist es vielleicht an der Zeit, Ihren vierbeinigen Freund zu baden. Haustiere k\u00f6nnen nicht nur durch ihre Hautschuppen bestimmte Allergien ausl\u00f6sen, sondern auch Pollen ins Haus bringen.<\/p>\n<p><strong>H\u00e4ufig H\u00e4nde waschen:<\/strong> Das ist f\u00fcr jeden, der die Erk\u00e4ltungs- und Grippesaison unbeschadet \u00fcberstanden hat, ein Kinderspiel. Wie Viren befinden sich auch Pollen wahrscheinlich auf Ihren H\u00e4nden. Regelm\u00e4\u00dfiges H\u00e4ndewaschen verhindert, dass sie an empfindliche Stellen wie Augen, Mund, Nase und Rachen gelangen.<\/p>\n<h3>Akut-Ma\u00dfnahme: Begrenzen Sie die Pollenbelastung, wenn Sie drau\u00dfen sind<\/h3>\n<p>Wenn Sie w\u00e4hrend der Allergiesaison regelm\u00e4\u00dfig drau\u00dfen sind oder Aktivit\u00e4ten im Freien nachgehen, ist das Risiko einer Pollenbelastung h\u00f6her. Dennoch k\u00f6nnen Sie einige Vorsichtsma\u00dfnahmen treffen, um Ihre Pollenbelastung zu begrenzen.<\/p>\n<p>Pollenwerte beobachten: Lokale und regionale Wetterdienste sagen regelm\u00e4\u00dfig die Pollenwerte in der Luft voraus. Wenn Sie sich im Freien aufhalten, beobachten Sie Wetter und Pollenwerte, um die Belastung zu begrenzen.<\/p>\n<p>Entsprechende Online-Apps bieten eine mehrt\u00e4gige Allergievorhersage f\u00fcr Baum-, Gr\u00e4ser- und sonstige Pollen.<\/p>\n<p>Duschen nach dem Aufenthalt im Freien: Wenn Sie den Tag drau\u00dfen verbracht haben, werden Ihre Kleider wahrscheinlich Pollen mit nach drinnen nehmen. Duschen Sie, um Pollen aus Haaren und K\u00f6rper zu entfernen. Waschen Sie Ihre Kleidung sofort oder bewahren Sie sie getrennt von anderen Kleidungsst\u00fccken auf, um die Pollenverbreitung zu begrenzen.<\/p>\n<p>Im Zweifelsfall nicht nach drau\u00dfen gehen: Wenn Sie eine schwere allergische Reaktion auf saisonale Pollen haben, gehen Sie nicht nach drau\u00dfen, insbesondere bei hoher Pollenbelastung.<\/p>\n<h2>Langfristig: Allergien naturheilkundlich behandeln<\/h2>\n<p>Allergien sind kein Zufall und auch keine Laune der Natur \u2013 sie sind ein Zeichen daf\u00fcr, dass das Immunsystem aus dem Takt geraten ist. Wer sie dauerhaft loswerden will, kommt mit Antihistaminika und Sprays nicht weit.<\/p>\n<p>Diese unterdr\u00fccken Symptome, w\u00e4hrend die eigentlichen Ursachen weiter schwelen. Die naturheilkundliche Therapie setzt tiefer an: Sie stabilisiert den Darm, reguliert die Abwehr, st\u00e4rkt die Schleimh\u00e4ute und bringt das Immunsystem wieder ins Gleichgewicht. Das braucht Zeit, ja \u2013 aber es heilt. Wer bereit ist, den K\u00f6rper nicht nur zu beruhigen, sondern wirklich zu regulieren, wird Allergien nicht mehr als unvermeidliches \u00dcbel hinnehmen m\u00fcssen. Ausf\u00fchrlich lesen Sie dazu in meinem Grundsatzbeitrag:\u00a0<a href=\"https:\/\/www.gesund-heilfasten.de\/allergie\/\" target=\"_blank\" rel=\"noopener\">Volksleiden Allergie: Wie Naturheilkunde hilft, wo die Schulmedizin nur Symptome unterdr\u00fcckt<\/a><\/p>\n<p><strong>\u00dcbrigens: Wenn Sie solche Informationen interessieren, dann fordern Sie unbedingt meinen Praxis-Newsletter mit den &#8222;5 Wundermitteln&#8220; an:<\/strong><br \/>\n<script type=\"text\/javascript\" src=\"https:\/\/rene-graeber.de\/view_webform_v2.js?u=v9&#038;webforms_id=pD2TS\"><\/script><\/p>\n<p>Kleine Anmerkung: Die Sache mit den &#8222;5 Wundermitteln&#8220; ist mit Abstand der beliebteste Newsletter, den meine Patienten gerne lesen&#8230;<\/p>\n<p><strong>Zum Weiterlesen:<\/strong><\/p>\n<p>Zum Thema \u201eAllergien\u201c habe ich noch einiges mehr zu Papier gebracht. Die Ursachen f\u00fcr Allergien werden nat\u00fcrlich sehr kontrovers diskutiert. Die Schulmedizin kennt auch in diesem Bereich nur die Behandlung von Symptomen, die f\u00fcr einen satten Umsatz von Medikamenten sorgen.<\/p>\n<ul>\n<li><a href=\"https:\/\/www.gesundheitlicheaufklaerung.de\/allergien-autoimmunerkrankungen-was-kinder-chronisch-krank-macht\/\" target=\"_blank\" rel=\"noopener\">Allergien und Autoimmunerkrankungen &#8211; Was Kinder chronisch krank macht<\/a><\/li>\n<li><a href=\"https:\/\/www.yamedo.de\/allergien-heilpflanzen\/\" target=\"_blank\" rel=\"noopener\">Allergien bei Babys &#8211; S\u00e4uglinge und Kleinkinder: Helfen Heilpflanzen und Heilkr\u00e4uter?<\/a><\/li>\n<li><a href=\"https:\/\/www.gesund-heilfasten.de\/sind-allergien-vererbbar\/\" target=\"_blank\" rel=\"noopener\">Sind Allergien vererbbar?<\/a><\/li>\n<li><a href=\"https:\/\/www.gesund-heilfasten.de\/mastzellstabilisatoren\/\" target=\"_blank\" rel=\"noopener\">Mastzellstabilisatoren sind bei Allergien keine L\u00f6sung<\/a><\/li>\n<li><a href=\"https:\/\/www.gesund-heilfasten.de\/antihistaminika-gegen-allergien\/\" target=\"_blank\" rel=\"noopener\">Antihistaminika gegen Allergien? Naja\u2026<\/a><\/li>\n<li><a href=\"https:\/\/www.gesund-heilfasten.de\/behandlung-von-allergien\/\" target=\"_blank\" rel=\"noopener\">Die naturheilkundliche Behandlung von Allergien<\/a><\/li>\n<li><a href=\"https:\/\/www.yamedo.de\/blog\/nahrungsmittelallergien-konfusion-schulmedizin\/\" target=\"_blank\" rel=\"noopener\">Konfusion in der Schulmedizin &#8211; Allergien und Nahrungsmittelallergien<\/a><\/li>\n<\/ul>\n<p>Dieser Beitrag wurde am 22.3.2025 erstellt.<\/p>\n<p>Beitragsbild: Stockxpert<\/p>\n","protected":false},"excerpt":{"rendered":"<p>Wenn Allergien wirklich nur vom Fr\u00fchling k\u00e4men, dann m\u00fcssten die Amischen im Mittleren Westen l\u00e4ngst niesen wie wir. Tun sie aber nicht. Kein Heuschnupfen, kein allergisches Asthma, kaum Neurodermitis \u2013 und das, obwohl sie inmitten bl\u00fchender Felder leben. Der Unterschied? Sie leben &#8222;nat\u00fcrlicher&#8220; und lehnen vieles ab, was wir als &#8222;modern&#8220; bezeichnen. Diese Beobachtung allein [&hellip;]<\/p>\n","protected":false},"author":19,"featured_media":6368,"comment_status":"open","ping_status":"closed","sticky":false,"template":"","format":"standard","meta":{"_lmt_disableupdate":"no","_lmt_disable":"","footnotes":""},"categories":[3,4],"tags":[58,468],"class_list":["post-6362","post","type-post","status-publish","format-standard","has-post-thumbnail","hentry","category-krankheiten","category-symptome","tag-allergie","tag-heuschnupfen"],"modified_by":"Ren\u00e9 Gr\u00e4ber","_links":{"self":[{"href":"https:\/\/naturheilt.com\/blog\/wp-json\/wp\/v2\/posts\/6362","targetHints":{"allow":["GET"]}}],"collection":[{"href":"https:\/\/naturheilt.com\/blog\/wp-json\/wp\/v2\/posts"}],"about":[{"href":"https:\/\/naturheilt.com\/blog\/wp-json\/wp\/v2\/types\/post"}],"author":[{"embeddable":true,"href":"https:\/\/naturheilt.com\/blog\/wp-json\/wp\/v2\/users\/19"}],"replies":[{"embeddable":true,"href":"https:\/\/naturheilt.com\/blog\/wp-json\/wp\/v2\/comments?post=6362"}],"version-history":[{"count":1,"href":"https:\/\/naturheilt.com\/blog\/wp-json\/wp\/v2\/posts\/6362\/revisions"}],"predecessor-version":[{"id":6586,"href":"https:\/\/naturheilt.com\/blog\/wp-json\/wp\/v2\/posts\/6362\/revisions\/6586"}],"wp:featuredmedia":[{"embeddable":true,"href":"https:\/\/naturheilt.com\/blog\/wp-json\/wp\/v2\/media\/6368"}],"wp:attachment":[{"href":"https:\/\/naturheilt.com\/blog\/wp-json\/wp\/v2\/media?parent=6362"}],"wp:term":[{"taxonomy":"category","embeddable":true,"href":"https:\/\/naturheilt.com\/blog\/wp-json\/wp\/v2\/categories?post=6362"},{"taxonomy":"post_tag","embeddable":true,"href":"https:\/\/naturheilt.com\/blog\/wp-json\/wp\/v2\/tags?post=6362"}],"curies":[{"name":"wp","href":"https:\/\/api.w.org\/{rel}","templated":true}]}}