{"id":6129,"date":"2024-07-30T08:14:23","date_gmt":"2024-07-30T06:14:23","guid":{"rendered":"https:\/\/naturheilt.com\/blog\/?p=6129"},"modified":"2024-08-11T21:15:17","modified_gmt":"2024-08-11T19:15:17","slug":"avocadokern-tinktur","status":"publish","type":"post","link":"https:\/\/naturheilt.com\/blog\/avocadokern-tinktur\/","title":{"rendered":"Tinktur aus Avocado-Kernen: der Geheim-Tipp bei vielen Beschwerden?"},"content":{"rendered":"<p>Das Fruchtfleisch der Avocados ist eine echte und gesunde Delikatesse. Die Kerne wandern oft in den M\u00fcll und mit ihnen auch viele Vitalstoffe. Eine Tinktur aus den walnussgro\u00dfen Samen enth\u00e4lt die Wirksubstanzen in konzentrierter Form. Aber hilft das? Und wenn ja, gegen was?<\/p>\n<p>Jeder kennt heute die dunkelgr\u00fcnen Fr\u00fcchte des mexikanischen Avocado-Baumes (Persea americana) aus der Familie der Lorbeergew\u00e4chse (Lauraceae). Als Zutat f\u00fcr Salate und Cremes hat die Frucht l\u00e4ngst auch deutsche K\u00fcchen erobert. Der Gehalt an Mineralien, Vitaminen, unges\u00e4ttigten Fetts\u00e4uren und Ballaststoffen in dem, oft auch als Obst bezeichneten Produkt, hat einen positiven Einfluss auf unsere Gesundheit. Studien zufolge harmonisiert die Kombination dieser Verbindungen den Fettstoffwechsel. Wer viele Avocados isst, kann sein Risiko f\u00fcr Herz-Kreislauf-Erkrankungen senken und sein Leben verl\u00e4ngern (<a href=\"https:\/\/www.tandfonline.com\/doi\/full\/10.1080\/10408398.2011.556759#d1e245\" target=\"_blank\" rel=\"noopener\">Hass Avocado Composition and Potential Health Effects<\/a>).<\/p>\n<p>Avocados gibt es heute in Gestalt vieler gez\u00fcchteter Variationen, die weltweit in den Tropen und Subtropen angebaut werden. In wissenschaftlichen Untersuchungen steht oft die Sorte \u201eHass\u201c (nach Rudolph Gustav Hass) im Mittelpunkt. Dabei haben Forscher auch die prim\u00e4ren und sekund\u00e4ren Pflanzenstoffe der Samen (\u201eKerne\u201c) ins Visier genommen. Heraus kamen Ergebnisse, die den gesundheitlichen Nutzen der \u201ePflanzen-Embryos\u201c unterstreichen.<\/p>\n<p><strong>\u00dcbrigens: Wenn Sie solche Informationen interessieren, dann fordern Sie unbedingt meinen Heilpflanzen-Newsletter dazu an. Darin geht es im Wesentlichen um Heilpflanzen, aber auch um Bachbl\u00fcten oder Hom\u00f6opathische Mittel:<\/strong><br \/>\n<script type=\"text\/javascript\" src=\"https:\/\/rene-graeber.de\/view_webform_v2.js?u=v9&#038;webforms_id=pDMIV\"><\/script><\/p>\n<h2>Avocado-Kerne nicht wegwerfen!<\/h2>\n<p>Wer Avocado-Kerne nicht achtlos verwerfen m\u00f6chte, kommt manchmal auf die Idee, daraus ein eigenes B\u00e4umchen heranzuziehen. Sicher kein schlechter Einfall! Einige Menschen haben bereits vom Wert der braunen Vitalstoff-Tr\u00e4ger geh\u00f6rt und m\u00f6chten von dem \u201eSuperfood\u201c profitieren. Doch was macht man mit den dicken Samen, wenn man sie nicht zu Mehl verarbeiten m\u00f6chte?<\/p>\n<p>Richtig: Sie k\u00f6nnen ein Konzentrat herstellen und das hei\u00dft \u201eTinktur\u201c. Also ein alkoholischer Auszug, den Sie ziemlich einfach selbst zubereiten k\u00f6nnen. Das Schwierigste daran ist vielleicht das Zerkleinern der etwas holzigen Kerne. Wenn Sie das geschafft haben, lassen Sie die St\u00fcckchen einfach trocknen, wobei ein D\u00f6rr-Automat den Vorgang beschleunigen kann.<\/p>\n<p>Die trockenen Schnipsel aus der Rohdroge verbringen Sie sodann in eine etwa 40%-ige Alkohol-L\u00f6sung. Dazu kaufen Sie sich Weizenkorn, Vodka oder einen \u00e4hnlichen Schnaps. Sie k\u00f6nnen nat\u00fcrlich auch medizinischen Alkohol pharmazeutischer Qualit\u00e4t und Reinheit aus der Apotheke holen.<\/p>\n<p>Der ist allerdings teurer als die Flaschen aus dem Supermarkt. Ethanol ist nicht nur ein hervorragendes L\u00f6sungsmittel f\u00fcr die Wirkstoffe, sondern sorgt auch gleichzeitig daf\u00fcr, dass sich Ihr Pr\u00e4parat lange h\u00e4lt (praktisch \u201eewig\u201c). Verwahren Sie die Tinktur trotzdem in dunklen Glasflaschen, die Sie an einen k\u00fchlen Platz stellen.<\/p>\n<p>Die angesetzte Tinktur ist nach fr\u00fchestens einer Woche fertig. Das erkennen Sie an der Bernsteinfarbe, die die Fl\u00fcssigkeit angenommen hat. Nur noch abseihen und die L\u00f6sung ist f\u00fcr die Anwendung bereit!<\/p>\n<p>Wem das alles zu umst\u00e4ndlich vorkommt oder keine Avocados isst, kann den alkoholischen Auszug auch als Fertig-Produkt kaufen (geht allerdings nicht in Deutschland). Die Tinktur dient der innerlichen sowie \u00e4u\u00dferlichen Anwendung, wenn daraus Salben hergestellt werden.<\/p>\n<h2>Welche Wirkstoffe sind im Avocado-Kern drin?<\/h2>\n<p>Eine Analyse aus 2022 listet die Inhaltsstoffe der Avocado-Kerne auf (<a href=\"https:\/\/www.ncbi.nlm.nih.gov\/pmc\/articles\/PMC9789361\/\" target=\"_blank\" rel=\"noopener\">Avocado seed discoveries: Chemical composition, biological properties, and industrial food application<\/a><a href=\"https:\/\/www.ncbi.nlm.nih.gov\/pmc\/articles\/PMC9789361\/\" target=\"_blank\" rel=\"noopener\">s<\/a>):<\/p>\n<p>Die Samen sind reich an den Vitaminen <a href=\"https:\/\/www.vitalstoffmedizin.com\/vitamin-a\/\" target=\"_blank\" rel=\"noopener\">A<\/a>, <a href=\"https:\/\/www.vitalstoffmedizin.com\/vitamin-b1-thiamin\/\" target=\"_blank\" rel=\"noopener\">B1<\/a>, <a href=\"https:\/\/www.vitalstoffmedizin.com\/vitamin-b2-riboflavin\/\" target=\"_blank\" rel=\"noopener\">B2<\/a>, <a href=\"https:\/\/www.vitalstoffmedizin.com\/niacin-vitamin-b3\/\" target=\"_blank\" rel=\"noopener\">B3<\/a>, <a href=\"https:\/\/www.vitalstoffmedizin.com\/vitamin-c\/\" target=\"_blank\" rel=\"noopener\">C<\/a> und <a href=\"https:\/\/www.vitalstoffmedizin.com\/vitamin-e\/\" target=\"_blank\" rel=\"noopener\">E<\/a>. Die herausstechenden Minerale in den Fruchtsamen sind <a href=\"https:\/\/www.vitalstoffmedizin.com\/kalium\/\" target=\"_blank\" rel=\"noopener\">Kalium<\/a>, <a href=\"https:\/\/www.vitalstoffmedizin.com\/calcium\/\" target=\"_blank\" rel=\"noopener\">Calcium<\/a>, <a href=\"https:\/\/www.vitalstoffmedizin.com\/natrium\/\" target=\"_blank\" rel=\"noopener\">Natrium<\/a>, <a href=\"https:\/\/www.vitalstoffmedizin.com\/eisen\/\" target=\"_blank\" rel=\"noopener\">Eisen<\/a>, <a href=\"https:\/\/www.vitalstoffmedizin.com\/phosphor\/\" target=\"_blank\" rel=\"noopener\">Phosphor<\/a> und die Spurenelemente <a href=\"https:\/\/www.vitalstoffmedizin.com\/zink\/\" target=\"_blank\" rel=\"noopener\">Zink<\/a> und <a href=\"https:\/\/www.vitalstoffmedizin.com\/kupfer\/\" target=\"_blank\" rel=\"noopener\">Kupfer<\/a> sowie <a href=\"https:\/\/www.vitalstoffmedizin.com\/selen\/\" target=\"_blank\" rel=\"noopener\">Selen<\/a>. Hinzu kommen etliche Fetts\u00e4uren, unter denen die <a href=\"https:\/\/www.zentrum-der-gesundheit.de\/ernaehrung\/nahrungsergaenzung\/omega-3-uebersicht\/ala\" target=\"_blank\" rel=\"noopener\">Linolens\u00e4ure<\/a> eine der wichtigsten f\u00fcr die gesundheitlichen Effekte darstellt.<\/p>\n<p>Entscheidend f\u00fcr die Gesamtwirkung sind die sekund\u00e4ren Pflanzenstoffe im Avocado-Kern. Die Wissenschaftler wiesen eine ganze Reihe von Phenolen und deren Derivate (Abk\u00f6mmlinge) aus f\u00fcnf verschiedenen Klassen nach. Darunter waren gut untersuchte Verbindungen wie Catechin und Epicatechin, Procyanidine, Acetogenine sowie Coumaroylquinin-S\u00e4ure und die Chinas\u00e4ure Caffeoylquinin.<\/p>\n<p>Im Avocado-Kern sind auch f\u00fcnf Phytosterole enthalten, unter anderem Campesterol und Stigmasterol. Bedenkliche Alkaloide und Persin fanden die Forscher nur in sehr geringen Mengen. Proteine und Kohlenhydrate vervollst\u00e4ndigen den N\u00e4hrstoffgehalt der Samen.<\/p>\n<h2>Wie wirken die Verbindungen aus dem Avocado-Kern?<\/h2>\n<p>Die Verbindungen aus dem Avocado-Kern wirken antioxidativ. Das hei\u00dft, sie eliminieren sogenannte \u201efreie Radikale\u201c, die im Stoffwechsel entstehen und Zell-Strukturen angreifen. Antioxidantien sind damit der beste Zellschutz, den man sich vorstellen kann. Mit diesem Effekt sind viele gesundheitliche Wirkungen der Samen zu erkl\u00e4ren (<a href=\"https:\/\/pubmed.ncbi.nlm.nih.gov\/30241408\/\" target=\"_blank\" rel=\"noopener\">Avocado Seed: A Comparative Study of Antioxidant Content and Capacity in Protecting Oil Models from Oxidation<\/a>).<\/p>\n<p>Da w\u00e4re einmal die entz\u00fcndungshemmende Wirkung zu nennen, die im Tierversuch belegt ist. Mit dem Effekt verbunden ist die Linderung von Schmerzen (<a href=\"https:\/\/www.neliti.com\/publications\/229846\/anti-inflammatory-and-analgesic-activities-of-avocado-seed-persea-americana-mill\" target=\"_blank\" rel=\"noopener\">Anti-inflammatory and Analgesic Activities of Avocado Seed (Persea Americana Mill.<\/a>). Arteriosklerotische Ver\u00e4nderungen werden ebenfalls reduziert, wovon Herz und Kreislauf profitieren.<\/p>\n<p>Parallel zur D\u00e4mpfung von entz\u00fcndlichen Prozessen kann der Extrakt aus dem Avocado-Kern auch Krankheitserreger abt\u00f6ten oder im Wachstum hemmen. Wissenschaftler haben Pr\u00e4parate aus den Kernen auf die antibiotische Wirkung hin getestet. Dabei haben sie einige Mikroben und Parasiten identifiziert, gegen die solche Zubereitungen geeignet erscheinen:<\/p>\n<ul>\n<li><em>Clostridium sporogenes (<\/em><a href=\"https:\/\/www.ncbi.nlm.nih.gov\/pmc\/articles\/PMC9789361\/\" target=\"_blank\" rel=\"noopener\">Stability of the antimicrobial activity of acetogenins from avocado seed, under common food processing conditions, against Clostridium sporogenes vegetative cell growth and endospore germination<\/a>)<\/li>\n<li><em>Listeria monocytogenes <\/em><a href=\"https:\/\/www.tandfonline.com\/doi\/full\/10.1080\/19476337.2019.1575908#abstract\" target=\"_blank\" rel=\"noopener\">(Purified avocado seed acetogenins: Antimicrobial spectrum and complete inhibition of Listeria monocytogenes in a refrigerated food matrix<\/a><em>)<\/em><\/li>\n<li><em>Staphylococcus aureus und Salmonella enterica (<\/em><a href=\"https:\/\/www.sciencedirect.com\/science\/article\/pii\/S1319562X21001716\" target=\"_blank\" rel=\"noopener\">Avocado seeds (Persea americana cv. Criollo sp.): Lipophilic compounds profile and biological activities<\/a><em>)<\/em><\/li>\n<li><em>Cryptococcen und den Hautpilz Candida sowie die Gelbfieberm\u00fccke (<\/em><a href=\"https:\/\/www.scielo.br\/j\/rsbmt\/a\/n6kW59tLspGdnDyKD5JXfBL\/\" target=\"_blank\" rel=\"noopener\">Chemical composition, toxicity and larvicidal and antifungal activities of Persea americana (avocado) seed extracts<\/a><em>)<\/em><\/li>\n<\/ul>\n<p>In Laborversuchen haben Forscher zeigen k\u00f6nnen, dass Extrakte aus dem Avocado-Kern das Wachstum von Krebszellen hemmen kann (<a href=\"https:\/\/www.ncbi.nlm.nih.gov\/pmc\/articles\/PMC6507236\/\" target=\"_blank\" rel=\"noopener\">In Vitro Antioxidant and Cancer Inhibitory Activity of a Colored Avocado Seed Extract<\/a>). Das kann der Wirkstoff-Mix offenbar deswegen, weil er den programmierten Zelltod der Tumor-Zellen aktiviert (<a href=\"https:\/\/pubmed.ncbi.nlm.nih.gov\/24188375\/\" target=\"_blank\" rel=\"noopener\">Pro-apoptotic effect of Persea americana var. Hass (avocado) on Jurkat lymphoblastic leukemia cells<\/a>).<\/p>\n<p>Tierversuche weisen darauf hin, dass ein Auszug aus Avocado-Samen auch den Blutzucker bei Diabetes senken hilft (<a href=\"https:\/\/pubmed.ncbi.nlm.nih.gov\/19553173\/\" target=\"_blank\" rel=\"noopener\">Effect of aqueous extracts of alligator pear seed (Persea americana mill) on blood glucose and histopathology of pancreas in alloxan-induced diabetic rats<\/a>).<\/p>\n<p>In Gewebe-Kulturen von Rattengehirnen konnten Forscher eine Wirkung auf die Biochemie des Zentral-Nerven-Systems nachweisen. Das betraf Enzyme des Nervenstoffwechsels, die bei Morbus Alzheimer eine Rolle spielen. Daher fragen sich die Wissenschaftler, ob Avocado-Samen in der Therapie von neurodegenerativen Erkrankungen eingesetzt werden k\u00f6nnten (<a href=\"https:\/\/pubmed.ncbi.nlm.nih.gov\/26812783\/\" target=\"_blank\" rel=\"noopener\">Aqueous extracts of avocado pear (Persea americana Mill.) leaves and seeds exhibit anti-cholinesterases and antioxidant activities in vitro<\/a>).<\/p>\n<h2>Obst und Gem\u00fcse sind immer gesund<\/h2>\n<p>Neben diesen \u201espektakul\u00e4ren\u201c Wirkungen sind die Ballaststoffe in Avocado-Kernen nat\u00fcrlich eine Wohltat f\u00fcr die Verdauung. Nicht zuletzt deshalb, weil solche bioorganischen Verbindungen die optimale Nahrung f\u00fcr die <a href=\"https:\/\/www.gesund-heilfasten.de\/bedeutung-der-darmflora\/\" target=\"_blank\" rel=\"noopener\">Darmflora<\/a>\u00a0darstellen. So kann der Extrakt aus den Samen auch als <a href=\"https:\/\/www.vitalstoffmedizin.com\/prebiotika\/\" target=\"_blank\" rel=\"noopener\">Prebiotikum<\/a> bezeichnet werden. Das sind Stoffe, die g\u00fcnstige Keime im Mikrobiom des Darmes zum Wachstum anregen.<\/p>\n<p>Deswegen (aber nicht nur) sind Obst und Gem\u00fcse so gesund. Avocados und speziell ihre Kerne scheinen an diesem Punkt geradezu herauszuragen. Die Tinktur ist allerdings f\u00fcr Schwangere und Kinder verboten, weil sie Alkohol enth\u00e4lt. Eine andere Sache, die ber\u00fccksichtigt werden muss, ist der Inhaltsstoff Persin. Der gibt n\u00e4mlich in geringen Mengen Blaus\u00e4ure ab. Deswegen sollte man mit der Einnahme langsam beginnen und es nie \u00fcbertreiben. Das Konzentrat wirkt auch in niedriger Dosierung. Zu Dosierungen und Einnahme wird ich mehr berichten, wenn ich das ausf\u00fchrlicher getestet habe.<\/p>\n<p><strong>\u00dcbrigens: Wenn Sie solche Informationen interessieren, dann fordern Sie unbedingt meinen Praxis-Newsletter mit den &#8222;5 Wundermitteln&#8220; an:<\/strong><br \/>\n<script type=\"text\/javascript\" src=\"https:\/\/rene-graeber.de\/view_webform_v2.js?u=v9&#038;webforms_id=pD2TS\"><\/script><\/p>\n<p>Kleine Anmerkung: Die Sache mit den &#8222;5 Wundermitteln&#8220; ist mit Abstand der beliebteste Newsletter, den meine Patienten gerne lesen&#8230;<\/p>\n<p>Dieser Beitrag wurde am 30.07.2024 erstellt.<\/p>\n","protected":false},"excerpt":{"rendered":"<p>Das Fruchtfleisch der Avocados ist eine echte und gesunde Delikatesse. Die Kerne wandern oft in den M\u00fcll und mit ihnen auch viele Vitalstoffe. Eine Tinktur aus den walnussgro\u00dfen Samen enth\u00e4lt die Wirksubstanzen in konzentrierter Form. Aber hilft das? Und wenn ja, gegen was? Jeder kennt heute die dunkelgr\u00fcnen Fr\u00fcchte des mexikanischen Avocado-Baumes (Persea americana) aus [&hellip;]<\/p>\n","protected":false},"author":19,"featured_media":6130,"comment_status":"open","ping_status":"closed","sticky":false,"template":"","format":"standard","meta":{"_lmt_disableupdate":"","_lmt_disable":"","footnotes":""},"categories":[340],"tags":[441,442,443],"class_list":["post-6129","post","type-post","status-publish","format-standard","has-post-thumbnail","hentry","category-heilpflanzen","tag-avocado","tag-kern","tag-tinktur"],"modified_by":"Ren\u00e9 Gr\u00e4ber","_links":{"self":[{"href":"https:\/\/naturheilt.com\/blog\/wp-json\/wp\/v2\/posts\/6129","targetHints":{"allow":["GET"]}}],"collection":[{"href":"https:\/\/naturheilt.com\/blog\/wp-json\/wp\/v2\/posts"}],"about":[{"href":"https:\/\/naturheilt.com\/blog\/wp-json\/wp\/v2\/types\/post"}],"author":[{"embeddable":true,"href":"https:\/\/naturheilt.com\/blog\/wp-json\/wp\/v2\/users\/19"}],"replies":[{"embeddable":true,"href":"https:\/\/naturheilt.com\/blog\/wp-json\/wp\/v2\/comments?post=6129"}],"version-history":[{"count":0,"href":"https:\/\/naturheilt.com\/blog\/wp-json\/wp\/v2\/posts\/6129\/revisions"}],"wp:featuredmedia":[{"embeddable":true,"href":"https:\/\/naturheilt.com\/blog\/wp-json\/wp\/v2\/media\/6130"}],"wp:attachment":[{"href":"https:\/\/naturheilt.com\/blog\/wp-json\/wp\/v2\/media?parent=6129"}],"wp:term":[{"taxonomy":"category","embeddable":true,"href":"https:\/\/naturheilt.com\/blog\/wp-json\/wp\/v2\/categories?post=6129"},{"taxonomy":"post_tag","embeddable":true,"href":"https:\/\/naturheilt.com\/blog\/wp-json\/wp\/v2\/tags?post=6129"}],"curies":[{"name":"wp","href":"https:\/\/api.w.org\/{rel}","templated":true}]}}