{"id":6101,"date":"2024-07-11T12:31:38","date_gmt":"2024-07-11T10:31:38","guid":{"rendered":"https:\/\/naturheilt.com\/blog\/?p=6101"},"modified":"2025-10-15T13:36:34","modified_gmt":"2025-10-15T11:36:34","slug":"lavita-saft","status":"publish","type":"post","link":"https:\/\/naturheilt.com\/blog\/lavita-saft\/","title":{"rendered":"LaVita im Faktencheck: Inhaltsstoffe, N\u00e4hrwerte &#038; Preis"},"content":{"rendered":"<p>Granini machte in den 1980er Jahren eine markante Eigenwerbung mit eingebautem Augenzwinkern, indem das Unternehmen sich als \u201eDeutschlands gr\u00f6\u00dften Saftladen\u201c bezeichnete. Mit dem Einsetzen der Bio-Welle hat sich auch in diesem Segment einiges getan.<\/p>\n<p>Mehr und mehr \u201eSaftl\u00e4den\u201c sind dazugekommen. Und alle wollen ein St\u00fcck vom Kuchen ergattern, was erst einmal aus wirtschaftlichen Gr\u00fcnden verst\u00e4ndlich ist. Die Grenze des Verst\u00e4ndlichen ist dort, wo aus wirtschaftlichen Gr\u00fcnden minderwertige Ware an den Mann gebracht werden soll, zum Beispiel gef\u00e4rbtes Wasser statt Saft.<\/p>\n<p>Wie sieht es hier mit LaVita und seinen S\u00e4ften aus? Machen die das auch so oder sind die S\u00e4fte zu empfehlen, da sie das enthalten, was f\u00fcr die Gesundheitspflege erforderlich ist?<\/p>\n<p>LaVita gibt es laut eigenen Angaben seit 1999 und wird in einem Familienunternehmen produziert und vertrieben. Der Chef des Ganzen ist Gerd Truntschka, ein ehemaliger Eishockey-Nationalspieler: <a href=\"https:\/\/www.lavita.com\/de-de\/familienunternehmen\" target=\"_blank\" rel=\"noopener\">LaVita Familienunternehmen \u2013 Fit f\u00fcrs Leben<\/a><\/p>\n<p><strong>\u00dcbrigens: Wenn Sie solche Informationen interessieren, dann fordern Sie unbedingt meinen kostenlosen Praxis-Newsletter &#8222;Unabh\u00e4ngig. Nat\u00fcrlich. Klare Kante.&#8220; dazu an:<\/strong><br \/>\n<script type=\"text\/javascript\" src=\"https:\/\/rene-graeber.de\/view_webform_v2.js?u=v9&#038;webforms_id=pL1KE\"><\/script><br \/>\nUnd das Unternehmen hat nur ein Produkt, den besagten LaVita-Saft, was die Werbung insofern als Vorteil auslegt, da man sich zu 100 Prozent auf dieses Produkt fokussiere. Da darf man gespannt sein, was so ein fokussiertes Produkt zu bieten hat.<\/p>\n<h2>Der LaVita-Saft<\/h2>\n<p>LaVita bezeichnet seinen Saft als Konzentrat aus \u201eFrucht und Gem\u00fcse mit Kr\u00e4uterextrakten, pflanzlichen \u00d6len, Vitaminen und Mineralstoffen.\u201c Es folgt eine lange Aufz\u00e4hlung von Fr\u00fcchten und Gem\u00fcsesorten, aus denen ein Konzentrat gewonnen wurde, welches dann Einzug in den LaVita-Saft gefunden hat.<\/p>\n<p>Die Liste ist beeindruckend (lang) und enth\u00e4lt alles was Rang und Namen hat in Bezug auf Fr\u00fcchte und Gem\u00fcse im Zusammenhang mit Gesundheit. Da gibt es \u00c4pfel, Zitronen, Ananas, Berberitze, <a href=\"https:\/\/www.naturheilt.com\/hagebutte\/\">Hagebutten<\/a>, <a href=\"https:\/\/www.naturheilt.com\/rote-bete\/\">Rote Bete<\/a>, Sauerkraut, <a href=\"https:\/\/www.naturheilt.com\/loewenzahn\/\">L\u00f6wenzahn<\/a>, Ingwer, <a href=\"https:\/\/www.naturheilt.com\/mariendistel\/\">Mariendistel<\/a>, um nur einige zu nennen. In Sachen Vitaminen und Mineralstoffen gibt es Vitamin C, Magnesium, Vitamin E, Niacin, Eisen, <a href=\"https:\/\/www.naturheilt.com\/omega-3-fettsaeuren\/\">Omega-3-Fetts\u00e4uren<\/a> aus Lein\u00f6l, <a href=\"https:\/\/www.naturheilt.com\/coenzym-q10\/\">Coenzym Q10<\/a>, eine Reihe von B-Vitaminen, <a href=\"https:\/\/www.naturheilt.com\/vitamin-d\/\">Vitamin D<\/a>, <a href=\"https:\/\/www.naturheilt.com\/vitamin-k\/\">Vitamin K1<\/a> etc.<\/p>\n<p>Das alles ist ziemlich beeindruckend, vor allem die Vielfalt der hier verwendeten Fr\u00fcchte und Gem\u00fcsesorten. Da m\u00fcsste eigentlich das Spektrum der wichtigsten Vitamine, Spurenelemente etc. in einer Flasche vorhanden sein und somit die Gesundheit der Konsumenten garantieren, oder?<\/p>\n<p>Was mir in der urspr\u00fcnglichen Zusammensetzung von LaVita aufgefallen war, war das Fehlen von Vitamin K2 \u2013 jenem wichtigen Partner von Vitamin D, der dessen Wirkung erst richtig entfaltet. Inzwischen weist LaVita jedoch auf seiner Website ausdr\u00fccklich aus, dass sowohl Vitamin K1 als auch Vitamin K2 enthalten sind. Das ist grunds\u00e4tzlich positiv, denn K2 spielt eine zentrale Rolle beim Kalziumstoffwechsel und sch\u00fctzt Gef\u00e4\u00dfe wie Knochen gleicherma\u00dfen.<\/p>\n<p>Allerdings bleibt offen, in welcher Menge das Vitamin K2 tats\u00e4chlich enthalten ist \u2013 und ob diese Menge ausreicht, um eine sp\u00fcrbare physiologische Wirkung zu entfalten. Mit anderen Worten: Das Vorhandensein von K2 ist ein Schritt in die richtige Richtung \u2013 die Frage nach der Wirksamkeit bleibt jedoch offen.<\/p>\n<h2>Dosierungsempfehlungen seitens LaVita<\/h2>\n<p>Eine Flasche Saft enth\u00e4lt 500 Milliliter Konzentrat. Die t\u00e4gliche Dosis betr\u00e4gt zwei mal einen Essl\u00f6ffel Mixtur (10 Milliliter). Das sind dann 20 Milliliter pro Tag.<\/p>\n<p>Jede Einzel-Ration von 10 Milliliter Konzentrat soll dann in 50 &#8211; 100 Milliliter stilles Wasser einger\u00fchrt werden.<\/p>\n<p>Bei einem Volumen von 500 Milliliter w\u00fcrde eine Flasche laut Adam Riese 25 Tage vorhalten (500 geteilt durch 20 Milliliter pro Tag = 25 Einnahmen). Bei einem Preis von 50 \u20ac pro Flasche darf man hier getrost von einem \u201esaftigen Preis\u201c reden, der nicht einmal einen Monat vorh\u00e4lt. Aber man g\u00f6nnt sich ja sonst nichts, oder?<\/p>\n<p>Aber vielleicht ist dieser hohe Preis ja berechtigt, da ja so unendlich viele Fr\u00fcchte und Gem\u00fcsesorten hier als Konzentrat ihren Einzug gefunden haben? Da stellt sich die Frage, ob diese Vielfalt an Zutaten eine Garantie daf\u00fcr ist, dass das an Vitaminen, Mineralstoffen etc. in 20 Milliliter Konzentrat dem Kunden zugef\u00fchrt wird, was der Organismus ben\u00f6tigt, um sich gesund zu erhalten?<\/p>\n<p>Oder mit anderen Worten: Wie viel Vitamine, Mineralstoffe etc. erhalte ich bei einer t\u00e4glichen Zufuhr von 20 Milliliter Konzentrat und sind diese ausreichend, nach dem, was wir \u00fcber die t\u00e4gliche Mindestmenge der verschiedenen Stoffe wissen?<\/p>\n<h2>Die N\u00e4hrwerttabelle von LaVita<\/h2>\n<p>Dankenswerterweise hat LaVita eine N\u00e4hrwerttabelle auf ihrer Webseite ver\u00f6ffentlicht, die die Beurteilung deutlich leichter macht: <a href=\"https:\/\/www.lavita.com\/de-de\/mikronaehrstoffkonzentrat\/naehrwerte\" target=\"_blank\" rel=\"noopener\">LaVita N\u00e4hrwerttabelle \u2013 Fit f\u00fcrs Leben<\/a><\/p>\n<p>Laut Angaben von LaVita werden hier die empfohlenen Mengen der t\u00e4glichen Aufnahme alle Inhaltsstoffe, bis auf Magnesium (60 Prozent) erreicht. Vorausgesetzt ist laut der N\u00e4hrwerttabelle, dass die Anweisung von 2 Gl\u00e4sern Fertiggetr\u00e4nk pro Tag eingehalten wird.<\/p>\n<p><strong>Beim Vitamin C<\/strong> wird behauptet, ein Glas Fertiggetr\u00e4nk betr\u00fcge 375 % der empfohlenen Tagesmenge. 2 Gl\u00e4ser pro Tag liefern dann 600 mg des Vitalstoffs. Ob das reicht und ob die Empfehlungen der Europ\u00e4ischen Lebensmittel\u00acinformations\u00acverordnung (LMIV) akzeptabel sind, gehe ich im Beitrag nach: <a href=\"https:\/\/vitalstoffmedizin.com\/blog\/wie-viel-vitamin-c-braucht-der-mensch\/\" target=\"_blank\" rel=\"noopener\">Wie viel Vitamin C braucht der Mensch?<\/a><\/p>\n<p>Der Bedarf h\u00e4ngt weniger von offiziellen Empfehlungen und Vorgaben von LaVita ab, sondern mehr vom K\u00f6rpergewicht. So sollte jemand mit 100 Kilogramm K\u00f6rpergewicht mindestens 2000 Milligramm am Tag \u00fcber mehrere Einzeldosen verteilt zu sich nehmen. Eine Person mit 50 Kilogramm K\u00f6rpergewicht sollte immerhin noch 1000 Milligramm einnehmen, ebenfalls \u00fcber mehrere Einzelgaben verteilt.<\/p>\n<p>Schlussfolgerung: Die Zufuhr von Vitamin C \u00fcber LaVita\u00a0f\u00e4llt etwas zu gering aus. Zumindest dann, wenn der Bedarf ausschlie\u00dflich \u00fcber das Konzentrat gedeckt wird. Bei guter Ern\u00e4hrung kommt nat\u00fcrlich der Vitamin-Gehalt in den Lebensmitteln hinzu. Hoffentlich verf\u00fchren die Angaben von LaVita nicht zur mangelhaften Ern\u00e4hrung (Junkfood). Dann kann es tats\u00e4chlich zu Skorbut kommen.<\/p>\n<p>Aber vielleicht sieht es bei den anderen Inhaltsstoffen besser aus?<\/p>\n<p><strong>\u00dcbrigens: Wenn Sie solche Informationen interessieren, dann fordern Sie unbedingt meinen Praxis-Newsletter mit den &#8222;5 Wundermitteln&#8220; an:<\/strong><br \/>\n<script type=\"text\/javascript\" src=\"https:\/\/rene-graeber.de\/view_webform_v2.js?u=v9&#038;webforms_id=pD2TS\"><\/script><\/p>\n<p>Kleine Anmerkung: Die Sache mit den &#8222;5 Wundermitteln&#8220; ist mit Abstand der beliebteste Newsletter, den meine Patienten gerne lesen&#8230;<\/p>\n<p><strong>Vitamin E: <\/strong>Der LaVita-Saft enth\u00e4lt 30 Milligramm pro 100 Milliliter, mal 2 sind 60 Milligramm Vitamin E. Das ist zwar eine \u00dcberdosierung, die allerdings unbedenklich ist: <a href=\"https:\/\/www.vitalstoffmedizin.com\/vitamin-e\/#Vorkommen_und_Bedarf\" target=\"_blank\" rel=\"noopener\">Vitamin E &#8211; Wie es wirkt und warum es hilft<\/a><\/p>\n<p><strong>Vitamin A: <\/strong>100 Milliliter Saft enthalten 417 Mikrogramm oder 834 Mikrogramm f\u00fcr die beiden t\u00e4glichen Essl\u00f6ffel. Die Angaben in der LaVita-Liste werden hier in Mikrogramm gemacht, w\u00e4hrend andere Quellen Internationaler Einheiten angeben. 834 Mikrogramm Vitamin A entsprechen 2780 I.E.<\/p>\n<p>Vergleichen wir einmal den physiologischen Bedarf von Vitamin A, der bei Kindern schon bei 10.000 Einheiten liegt, bei Erwachsenen bei 25.000 und bei Senioren 50.000 Einheiten, dann k\u00f6nnen wir den Beitrag, den der LaVita-Saft zur Aufrechterhaltung der Vitamin-A-Konzentrationen leistet, getrost als Illusion bezeichnen.<\/p>\n<p><strong>Vitamin B1: <\/strong>20 Milliliter LaVita-Saft enthalten 6 Milligramm B1. Das liegt \u00fcber dem t\u00e4glichen Bedarf von 1-1,5 Milligramm (siehe Vitamintabelle).<\/p>\n<p>Fazit: LaVita-Saft liefert eine \u00fcberreichliche Tagesmenge.<\/p>\n<p><strong>Vitamin B2: <\/strong>5 Milligramm auf 20 Milliliter Saft \u2013 t\u00e4glicher Bedarf = 1,4-1,8 Milligramm.<\/p>\n<p>Fazit: Hier ist eine ordentliche Menge enthalten.<\/p>\n<p><strong>Niacin: <\/strong>30 Milligramm auf 20 Milliliter Saft \u2013 T\u00e4glicher Bedarf = 14 &#8211; 18 Milligramm.<\/p>\n<p>Fazit: Tagesdosis f\u00fcr mich mehr als ausreichend. Aber beim B3 scheiden sich die Geister.<\/p>\n<p><strong>Pantothens\u00e4ure:<\/strong> 16 Milligramm in 20 Milliliter Saft \u2013 t\u00e4glicher Bedarf 4-7 Milligramm.<\/p>\n<p>Fazit: : Rund das Doppelte des Erforderlichen, aber ok.<\/p>\n<p><strong>Vitamin B6: <\/strong>5 Milligramm in 20 Milliliter Saft \u2013 t\u00e4glicher Bedarf 1,6 -1,8 Milligramm.<\/p>\n<p>Fazit: F\u00fcr mich ok.<\/p>\n<p><strong>Fols\u00e4ure: <\/strong>400 Mikrogramm in 20 Milliliter Saft \u2013 t\u00e4glicher Bedarf 400 &#8211; 1000 Mikrogramm.<\/p>\n<p>Fazit:\u00a0An der Grenze zur Unterdosierung.<\/p>\n<p><strong>Vitamin B12:<\/strong>\u00a0 10 Mikrogramm in 20 Milliliter Saft \u2013 t\u00e4glicher Bedarf f\u00fcr Kinder 1 &#8211; 2 Mikrogramm, f\u00fcr Erwachsene 3 Mikrogramm und Schwangere 3,5-4 Mikrogramm.<\/p>\n<p>Fazit: Komfortable Tagesdosis<\/p>\n<p><strong>Biotin: <\/strong>100 Mikrogramm in 20 Milliliter Saft \u2013 t\u00e4glicher Bedarf 10-60 Mikrogramm.<\/p>\n<p>Fazit: Sichere Dosierung.<\/p>\n<p><strong>Vitamin K: <\/strong>60 Mikrogramm in 20 Milliliter Saft \u2013 t\u00e4glicher Bedarf f\u00fcr <a href=\"https:\/\/www.naturheilt.com\/vitamin-k\/\">Vitamin K1<\/a> bei 65 Mikrogramm, f\u00fcr <a href=\"https:\/\/www.naturheilt.com\/vitamin-k2\/\">Vitamin K2<\/a> bei 90-1000 Mikrogramm. Wenn man nur w\u00fcsste, ob K1 oder K2 oder beides in LaVita enthalten ist, k\u00f6nnte es besser beurteilt werden.<\/p>\n<p>Fazit: Die unzul\u00e4ngliche Angebe l\u00e4sst Fragen offen.<\/p>\n<p><strong><a href=\"https:\/\/www.naturheilt.com\/vitamin-d\/\">Vitamin D<\/a>: <\/strong>Die 20 Milliliter Saft enthalten (atemberaubende) 800 Internationale Einheiten \u2013 der t\u00e4gliche Bedarf liegt bei rund 5000 &#8211; 7000 I.E.<\/p>\n<p>Fazit: Nur rund ein Zehntel der erforderlichen Menge. Und das bei einem Vitamin, dessen weit verbreiteter Mangel einer Volkskrankheit gleich kommt.<\/p>\n<p><strong>Magnesium: <\/strong>60 Milligramm ein 20 Milliliter Saft \u2013 die t\u00e4gliche Dosis liegt bei 300 Milligramm.<\/p>\n<p>Fazit: Eine saftige Unterdosierung, aber besser als nichts.\u00a0<a href=\"#_edn14\" name=\"_ednref14\"><\/a><\/p>\n<p><strong>Selen: <\/strong>70 Mikrogramm im Saft \u2013 t\u00e4glicher Mindestbedarf f\u00fcr Erwachsene 30 &#8211; 100 Mikrogramm.<\/p>\n<p>Fazit: D\u00fcrfte reichen.<\/p>\n<p><strong>Kupfer: <\/strong>0,5 Milligramm werden angeboten \u2013 t\u00e4glicher Bedarf liegt bei 1-3 Milligramm.<\/p>\n<p>Fazit: Auch hier l\u00e4sst die Dosierung deutlich zu w\u00fcnschen \u00fcbrig.<\/p>\n<p><strong>Eisen: <\/strong>8 Milligramm im Saft \u2013 f\u00fcr M\u00e4nner liegt die Tagesdosis bei 10 Milligramm; f\u00fcr Frauen 18 Milligramm; und in der Schwangerschaft bei 27 Milligramm. Ab einem Alter von 50 Jahren f\u00e4llt der Tagesbedarf auf 8 Milligramm.<\/p>\n<p>Fazit: An der Grenze des Tagesbedarfs der meisten Menschen.<\/p>\n<p><strong>Zink: <\/strong>10 Milligramm im Saft \u2013 t\u00e4glicher Bedarf f\u00fcr Frauen 9 Milligramm, der f\u00fcr M\u00e4nner 14 Milligramm und 10 Milligramm f\u00fcr Kinder vor der Pubert\u00e4t. S\u00e4uglinge ben\u00f6tigen 5 Milligramm.<\/p>\n<p>Fazit: Gerade mal ausreichend, f\u00fcr einige zu wenig.<\/p>\n<p><strong>Mangan:<\/strong> 2 Milligramm im Saft \u2013 der t\u00e4gliche Bedarf liegt bei 2 &#8211; 5 Milligramm.<\/p>\n<p>Fazit: : An der Grenze des Erforderlichen.<\/p>\n<p><strong>Chrom:<\/strong> 40 Mikrogramm im Saft \u2013 der t\u00e4gliche Bedarf liegt bei 50 &#8211; 100 Mikrogramm.<\/p>\n<p>Fazit: Etwas unterhalb des eigentlichen Tagesbedarfs.<\/p>\n<p><strong>Jod:<\/strong> 100 Mikrogramm im Saft \u2013 die empfohlene Tagesmenge in Deutschland liegt f\u00fcr Jugendliche und Erwachsene bei 180 &#8211; 200 Mikrogramm. F\u00fcr Schwangere und stillende M\u00fctter 230 bzw. 260 Mikrogramm.<\/p>\n<p>Fazit: Jod ist unterdosiert.<\/p>\n<p><strong>Molybd\u00e4n:<\/strong> 60 Mikrogramm im Saft \u2013 die Deutsche Gesellschaft f\u00fcr Ern\u00e4hrung empfiehlt 50 &#8211; 100 Mikrogramm Molybd\u00e4n t\u00e4glich.<\/p>\n<p>Fazit: K\u00f6nnte f\u00fcr die meisten Menschen ausreichend sein.<\/p>\n<p><strong style=\"font-size: 18px;\">\u00dcbrigens: Wenn Sie solche Informationen interessieren, dann fordern Sie unbedingt meinen Praxis-Newsletter dazu an:<\/strong><\/p>\n<h4><script type=\"text\/javascript\" src=\"https:\/\/rene-graeber.de\/view_webform_v2.js?u=v9&#038;webforms_id=pD2gv\"><\/script><\/h4>\n<h3>Abschlie\u00dfendes Fazit zu den Inhaltsstoffen von LaVita-Saft<\/h3>\n<p>Viele Inhaltsstoffe sind sind ausreichend, manche \u00fcberdosiert und einige ggf. unterdosiert. Oder mit anderen Worten: F\u00fcr 50 \u20ac pro 500 Milliliter-Flasche bekommt der Kunde anderswo m\u00f6glicherweise mehr geboten.<\/p>\n<h2>LaVita-Saft und die Wissenschaft<\/h2>\n<p>Auf ihrer Webseite behauptet LaVita, dass \u201edie Bioverf\u00fcgbarkeit von LaVita wissenschaftlich belegt\u201c sei. Auch hier wieder ein Werbetrick, der suggeriert, dass Bioverf\u00fcgbarkeit mit Wirksamkeit gleichzusetzen ist. <a href=\"#_edn23\" name=\"_ednref23\">[23]<\/a><\/p>\n<ul>\n<li><a href=\"https:\/\/www.lavita.com\/de-de\/mikronaehrstoffkonzentrat\/studien\/bioverfuegbarkeit\" target=\"_blank\" rel=\"noopener\">LaVita Bioverf\u00fcgbarkeits-Studie<\/a><br \/>\n(https:\/\/www.lavita.com\/de-de\/mikronaehrstoffkonzentrat\/studien\/bioverfuegbarkeit)<\/li>\n<\/ul>\n<p>Nat\u00fcrlich ist eine gute Bioverf\u00fcgbarkeit die Voraussetzung f\u00fcr die Wirksamkeit von Substanzen. Aber, um eine Wirksamkeit zu erzeugen, muss ich auch die entsprechenden Mengen zuf\u00fchren. Da die Inhaltsstoffe, im LaVita-Saft nicht durchweg optimal dosiert sind, ist der Konsument verlassen, der sich ausschlie\u00dflich auf LaVita als Vitalstoffquelle verl\u00e4sst.<\/p>\n<p>Bei der Diskussion der Studienergebnisse f\u00e4llt folgendes Muster auf: In den verschiedenen Bereichen, in denen eine physiologische Reaktion positiver Natur erhofft wird, zum Beispiel beim Immunsystem, bei der Regenerationsf\u00e4higkeit, Leistungsf\u00e4higkeit etc., wird als Ergebnis immer wieder angegeben, dass die jeweils relevanten Vitalstoffe nach Gabe von LaVita-Saft sich \u201ehochsignifikant\u201c erh\u00f6ht h\u00e4tten.<\/p>\n<p>Das suggeriert dem Leser, dass mit der Erh\u00f6hung dieser Vitalstoffe auch Immunsystem, Regeneration, Leistungsf\u00e4higkeit etc. sich verbessert haben m\u00fcssen, weil ja alles auch so \u201ehochsignifikant\u201c ausgefallen ist.<\/p>\n<p>Aber, wie wir noch sehen werden, ist in keiner der ver\u00f6ffentlichten Studien randomisiert, doppelblind, Placebo kontrolliert geforscht worden, ob die Gabe des Saft zu einem verbesserten Immunsystem f\u00fchrt, oder die Regenerationsf\u00e4higkeit verbessert, oder die Leistungsf\u00e4higkeit erh\u00f6ht etc.<\/p>\n<p>Bei den Aussagen von LaVita wird die Erh\u00f6hung der Vitalstoffe als Surrogat (Ersatzparameter) f\u00fcr die Wirksamkeit des Produkts genommen, ohne die Wirksamkeit selbst und unmittelbar gepr\u00fcft zu haben. Hier handelt es sich um Annahmen und nicht evidenzbasierte Forschung.<\/p>\n<p>Dennoch k\u00f6nnen die Aussagen zur signifikanten Erh\u00f6hung der Vitalstoffe der Realit\u00e4t entsprechen. Die signifikante Erh\u00f6hung spielt sich dabei deutlich unterhalb des therapeutischen Bereichs und der damit anvisierten Wirksamkeit ab. Nach Gabe des Safts kann man dann eine Steigerung der Konzentrationen der Vitalstoffe im Serum nachweisen, ohne dass diese jedoch hoch genug ausf\u00e4llt, um den therapeutischen Bereich zu erreichen.<\/p>\n<p>Aber selbst wenn die Dosierungen f\u00fcr die Vitalwerte ausreichend gewesen w\u00e4ren, ist die Annahme, dass hier ausreichende physiologische Wirkungen vorliegen, unzul\u00e4ssig, wenn nicht diese physiologischen Wirkungen direkt durch entsprechende Studien nachgewiesen werden k\u00f6nnen.<\/p>\n<p>In der Regel schaut man sich die Wirkungen von Wirksubstanzen an und schaut dann nach den Dosierungen. Bei LaVita schaut man nach den Dosierungen. Und weil die nicht alle optimal ausfallen,\u00a0scheinen die Werbeversprechen zweifelhaft.<\/p>\n<p>Ein Blick auf die ver\u00f6ffentlichten Studien best\u00e4tigt dann meine Annahme.<\/p>\n<p>Es gibt zum LaVita-Saft insgesamt vier Studien. Mehr habe ich nicht finden k\u00f6nnen. Interessant ist hier, dass alle vier Studien von den gleichen Autoren durchgef\u00fchrt wurden \u2013 einem privaten Institut f\u00fcr klinische Ern\u00e4hrung und Pr\u00e4vention, einem Institut f\u00fcr Krebsforschung und einem Labor, alle aus Wien.<\/p>\n<p>Die erste Arbeit aus dem Jahr 2015 untersuchte die Bioverf\u00fcgbarkeit bei gesunden freiwilligen Teilnehmern. <a href=\"#_edn24\" name=\"_ednref24\">[24]<\/a><\/p>\n<ul>\n<li><a href=\"https:\/\/pubmed.ncbi.nlm.nih.gov\/26454489\/\" target=\"_blank\" rel=\"noopener\">Bioavailabilty of a liquid Vitamin Trace Element Composition in healthy volunteers &#8211; PubMed<\/a><br \/>\n(https:\/\/pubmed.ncbi.nlm.nih.gov\/26454489\/)<\/li>\n<\/ul>\n<p>Hier lernen wir, dass alle untersuchten Vitalstoffe signifikant nach dreimonatiger Einnahme erh\u00f6ht wurden. Die interessanten Aussagen, die die Studie seltsamerweise nicht preisgeben will, sind die Fragen nach der Dosierung. Haben alle Teilnehmer \u00fcber den Verlauf von sechs Monaten nur 20 Milliliter t\u00e4glich zu sich genommen? Keine Angaben hierzu.<\/p>\n<p>Bei den Resultaten werden nur P-Werte angegeben, die alle ausnahmslos \u201esignifikant\u201c und \u201ehoch signifikant\u201c ausfallen. Es wird aber tunlichst vermieden, absolute Messwerte f\u00fcr die Serumkonzentrationen zu benennen, was bei mir den Verdacht n\u00e4hrt, dass hier Konzentrationssteigerungen signifikant, aber deutlich unter dem therapeutischen Bereich stattgefunden haben.<\/p>\n<p>Ein Treppenwitz ist die \u201eSchlussfolgerung\u201c der Autoren, dass keine Nebenwirkungen festgestellt werden konnten. Keine der gemessenen Parameter erreichte \u201ekritische Werte\u201c. Von daher erachten die Autoren den LaVita-Saft als \u201esicher f\u00fcr den Langzeitkonsum\u201c. Kunstst\u00fcck \u2013 wer erwartet hohe Konzentrationen und damit verbundene Nebenwirkungen bei teils unzureichenden Mengen?<\/p>\n<p>Interessant ist auch, was die Autoren nicht sagen. Und das ist das Fehlen einer Aussage zur Wirksamkeit. \u201eWirksam und sicher\u201c hei\u00dft es in anderen Publikationen, wenn es um die Beurteilung von Wirksubstanzen geht. Nicht so bei dem LaVita-Saft!<\/p>\n<p>Ein Jahr sp\u00e4ter ver\u00f6ffentlichte das \u00f6sterreichische Team eine Studie, in der sie das stimmungsverbessernde Potenzial von LaVita-Saft in einer randomisierten, doppelblinden, placebokontrollierten klinischen Studie bei gesunden Freiwilligen untersucht hatten. <a href=\"#_edn25\" name=\"_ednref25\">[25]<\/a><\/p>\n<ul>\n<li><a href=\"https:\/\/pubmed.ncbi.nlm.nih.gov\/26994381\/\" target=\"_blank\" rel=\"noopener\">Mood improving Potential of a Vitamin Trace Element Composition&#8211;A randomized, double blind, placebo controlled clinical study with healthy volunteers &#8211; PubMed<\/a><br \/>\n(https:\/\/pubmed.ncbi.nlm.nih.gov\/26994381\/)<\/li>\n<\/ul>\n<p>Auch hier f\u00e4llt wieder auf, dass bei der Beschreibung der Methodik die Dosierung fehlt. Gemessen wurden Konzentrationen von Substanzen, von denen die Wissenschaft glaubt, dass sie die Stimmungslage verbessern w\u00fcrden, n\u00e4mlich Serotonin, Tryptophan und einige andere Parameter. Und daraus leiteten die Autoren ab, dass der Saft die Stimmung verbessert, nur weil Serotonin signifikant erh\u00f6ht wurde. Auch hier fehlen wieder die Messwerte. Es werden wieder nur P-Werte angegeben, die keinerlei Aussagen zu den gemessenen Konzentrationen machen.<\/p>\n<p>Nebenbei: Serotonin gilt zwar als \u201eGl\u00fcckshormon\u201c, aber zu Unrecht, wie sich inzwischen gezeigt hat. Mehr dazu in einem anderen Beitrag. Aber in der vorliegenden Arbeit der \u00d6sterreicher werden abschlie\u00dfende Resultate von Annahmen abgeleitet, nicht von Untersuchungsergebnissen. Das hat mit Wissenschaft nichts zu tun&#8230;<\/p>\n<p>Im gleichen Jahr, 2016, eine weitere Ver\u00f6ffentlichung der drei \u00d6sterreicher zur Verhinderung von nitrosativem Stress durch den LaVita-Saft. <a href=\"#_edn26\" name=\"_ednref26\">[26]<\/a><\/p>\n<ul>\n<li><a href=\"https:\/\/pubmed.ncbi.nlm.nih.gov\/28171220\/\" target=\"_blank\" rel=\"noopener\">Prevention of &#8222;nitrosative stress&#8220; by a nutritional supplement (LaVita\u00ae) &#8211; a randomized placebo controlled double blind clinical trial with healthy volunteers &#8211; PubMed<\/a><br \/>\n(https:\/\/pubmed.ncbi.nlm.nih.gov\/28171220\/)<\/li>\n<\/ul>\n<p>Auch hier wieder keine Angaben der eingenommenen Menge von Saft pro Tag bei den 150 Freiwilligen. Auch hier wieder Jubelergebnisse bei den Resultaten aufgrund von eindrucksvollen P-Werten, ohne Angaben von konkreten Messwerten.<\/p>\n<p>Die letzte Arbeit erschien im Jahr 2019, ebenfalls von den drei \u00d6sterreichern, verst\u00e4rkt durch eine Kollegin aus der Gyn\u00e4kologie der Universit\u00e4t Wien. Die Arbeit untersuchte das Potenzial von LaVita-Saft vor, w\u00e4hrend und nach der Schwangerschaft. <a href=\"#_edn27\" name=\"_ednref27\">[27]<\/a><\/p>\n<ul>\n<li><a href=\"https:\/\/pubmed.ncbi.nlm.nih.gov\/30860682\/\" target=\"_blank\" rel=\"noopener\">Potential of the multivitamin-mineral-trace element composition LaVita\u00ae before, during and after pregnancy &#8211; PubMed<\/a><br \/>\n(https:\/\/pubmed.ncbi.nlm.nih.gov\/30860682\/)<\/li>\n<\/ul>\n<p>Die Angaben zur Methode gestalten sich zun\u00e4chst in bew\u00e4hrter und bekannter Manier: Keine Angaben zur t\u00e4glich eingenommenen Dosierung. Neu ist bei dieser Placebo kontrollierten Studie, die angeblich auch doppelblind durchgef\u00fchrt wurde, dass man als Kontrollgruppe, man glaubt es kaum, M\u00e4nner in die Studie aufgenommen hat.<\/p>\n<p>Was die M\u00e4nner mit der Wirksamkeit des Safts bei Schwangerschaft zu tun haben, mit dieser Frage habe ich einige Schwierigkeiten.<\/p>\n<p>Die Art und Weise, in der die Autoren ihre Resultate dann darstellten, sieht fast so aus, als wenn sie ihrer eigenen Arbeit \u00fcberdr\u00fcssig wurden: Die Resultate der Studie werden in nur einem Satz herunter gebetet.<\/p>\n<p>Es werden nicht einmal mehr die beliebten P-Werte ver\u00f6ffentlicht. Die Autoren erz\u00e4hlen nur, dass das, was erh\u00f6ht werden soll, erh\u00f6ht wurde; und das, was erniedrigt werden soll, auch erniedrigt wurde.<\/p>\n<ul>\n<li>Fazit<\/li>\n<\/ul>\n<p>Das, was an Inhaltsstoffen im LaVita-Saft fehlt, wird voll und ganz durch den exorbitanten Preis wettgemacht. Die Kunden kaufen sich f\u00fcr teures Geld die Illusion von Gesundheit. Ein positiver Aspekt w\u00e4re, dass es keine bedenklichen \u00dcberdosierungen gibt bzw. geben kann. Also der Saft schadet niemanden. Aber schadlos bleiben kann ich auch zum Nulltarif.<\/p>\n<p><strong>\u00dcbrigens: Wenn Sie solche Informationen interessieren, dann fordern Sie unbedingt meinen Praxis-Newsletter mit den &#8222;5 Wundermitteln&#8220; an:<\/strong><br \/>\n<script type=\"text\/javascript\" src=\"https:\/\/rene-graeber.de\/view_webform_v2.js?u=v9&#038;webforms_id=pD2TS\"><\/script><\/p>\n<p>Kleine Anmerkung: Die Sache mit den &#8222;5 Wundermitteln&#8220; ist mit Abstand der beliebteste Newsletter, den meine Patienten gerne lesen&#8230;<\/p>\n<p><strong>Quellen:<\/strong><\/p>\n<ul>\n<li><a href=\"#_ednref1\" name=\"_edn1\">[1]<\/a><a href=\"https:\/\/www.lavita.com\/de-de\/familienunternehmen\" target=\"_blank\" rel=\"noopener\">\u00a0\u00a0\u00a0\u00a0\u00a0 LaVita Familienunternehmen \u2013 Fit f\u00fcrs Leben<\/a><br \/>\n(https:\/\/www.lavita.com\/de-de\/familienunternehmen)<\/li>\n<li><a href=\"#_ednref2\" name=\"_edn2\">[2]<\/a><a href=\"https:\/\/www.vitalstoffmedizin.com\/vitamin-k\/\" target=\"_blank\" rel=\"noopener\">\u00a0\u00a0\u00a0\u00a0\u00a0 Vitamin K &#8211; Bedeutung, Vorkommen, Bedarf, Mangelerscheinungen<\/a><br \/>\n(https:\/\/www.vitalstoffmedizin.com\/vitamin-k\/#)<\/li>\n<li><a href=\"#_ednref3\" name=\"_edn3\">[3]<\/a><a href=\"https:\/\/www.lavita.com\/de-de\/mikronaehrstoffkonzentrat\/naehrwerte\" target=\"_blank\" rel=\"noopener\">\u00a0\u00a0\u00a0\u00a0\u00a0 LaVita N\u00e4hrwerttabelle \u2013 Fit f\u00fcrs Leben<\/a><br \/>\n(https:\/\/www.lavita.com\/de-de\/mikronaehrstoffkonzentrat\/naehrwerte)<\/li>\n<li><a href=\"#_ednref4\" name=\"_edn4\">[4]<\/a><a href=\"https:\/\/vitalstoffmedizin.com\/blog\/wie-viel-vitamin-c-braucht-der-mensch\/\" target=\"_blank\" rel=\"noopener\">\u00a0\u00a0\u00a0\u00a0\u00a0 Wie viel Vitamin C braucht der Mensch?<\/a><br \/>\n(https:\/\/vitalstoffmedizin.com\/blog\/wie-viel-vitamin-c-braucht-der-mensch\/#)<\/li>\n<li><a href=\"#_ednref5\" name=\"_edn5\">[5]<\/a><a href=\"https:\/\/www.vitalstoffmedizin.com\/vitamin-e\/#Vorkommen_und_Bedarf\" target=\"_blank\" rel=\"noopener\">\u00a0\u00a0\u00a0\u00a0\u00a0 Vitamin E &#8211; Wie es wirkt und warum es hilft<\/a><br \/>\n(https:\/\/www.vitalstoffmedizin.com\/vitamin-e\/#Vorkommen_und_Bedarf)<\/li>\n<li><a href=\"#_ednref6\" name=\"_edn6\">[6]<\/a><a href=\"https:\/\/www.naturheilt.com\/vitamintabelle\/#vitamin-a\">\u00a0\u00a0\u00a0\u00a0\u00a0 Vitamintabelle<\/a><br \/>\n(https:\/\/www.naturheilt.com\/vitamintabelle\/#vitamin-a)<\/li>\n<li><a href=\"#_ednref7\" name=\"_edn7\">[7]<\/a><a href=\"https:\/\/www.vitalstoffmedizin.com\/niacin-vitamin-b3\/#Bedarf_von_Vitamin_B3\" target=\"_blank\" rel=\"noopener\">\u00a0\u00a0\u00a0\u00a0\u00a0 Niacin und Nicotinamid: Das Vitamin B3<\/a><br \/>\n(https:\/\/www.vitalstoffmedizin.com\/niacin-vitamin-b3\/#Bedarf_von_Vitamin_B3)<\/li>\n<li><a href=\"#_ednref8\" name=\"_edn8\">[8]<\/a><a href=\"https:\/\/www.vitalstoffmedizin.com\/vitamin-b5\/#Bedarf\" target=\"_blank\" rel=\"noopener\">\u00a0\u00a0\u00a0\u00a0\u00a0 Vitamin B5<\/a><br \/>\n(https:\/\/www.vitalstoffmedizin.com\/vitamin-b5\/#Bedarf)<\/li>\n<li><a href=\"#_ednref9\" name=\"_edn9\">[9]<\/a><a href=\"https:\/\/www.vitalstoffmedizin.com\/vitamin-b6\/#Folgen_des_Mangels_an_Vitaminen_der_B6-Gruppe\" target=\"_blank\" rel=\"noopener\">\u00a0\u00a0\u00a0\u00a0\u00a0 Vitamin B6 &#8211; Nutzen, Mangel und Nebenwirkungen<\/a><br \/>\n(https:\/\/www.vitalstoffmedizin.com\/vitamin-b6\/#Folgen_des_Mangels_an_Vitaminen_der_B6-Gruppe)<\/li>\n<li><a href=\"#_ednref10\" name=\"_edn10\">[10]<\/a><a href=\"https:\/\/www.vitalstoffmedizin.com\/vitamin-b9\/\" target=\"_blank\" rel=\"noopener\">\u00a0\u00a0\u00a0 Fols\u00e4ure und Folat<\/a><br \/>\n(https:\/\/www.vitalstoffmedizin.com\/vitamin-b9\/#)<\/li>\n<li><a href=\"#_ednref11\" name=\"_edn11\">[11]<\/a><a href=\"https:\/\/www.vitalstoffmedizin.com\/vitamin-b12\/\" target=\"_blank\" rel=\"noopener\">\u00a0\u00a0\u00a0 Vitamin B12 Mangel &#8211; \u00dcberdosierung<\/a><br \/>\n(https:\/\/www.vitalstoffmedizin.com\/vitamin-b12\/#)<\/li>\n<li><a href=\"#_ednref12\" name=\"_edn12\">[12]<\/a><a href=\"https:\/\/www.vitalstoffmedizin.com\/biotin\/#Vorkommen_und_Mangelerscheinungen\" target=\"_blank\" rel=\"noopener\">\u00a0\u00a0\u00a0 Biotin &#8211; Das Vitamin H &#8211; Wof\u00fcr es gut ist und wof\u00fcr nicht<\/a><br \/>\n(https:\/\/www.vitalstoffmedizin.com\/biotin\/#Vorkommen_und_Mangelerscheinungen)<\/li>\n<li><a href=\"#_ednref13\" name=\"_edn13\">[13]<\/a><a href=\"https:\/\/www.vitalstoffmedizin.com\/vitamin-d\/#Nahrungsaufnahme_und_Bedarf\" target=\"_blank\" rel=\"noopener\">\u00a0\u00a0\u00a0 Vitamin D: Formen, Vorkommen und Bedarf<\/a><br \/>\n(https:\/\/www.vitalstoffmedizin.com\/vitamin-d\/#Nahrungsaufnahme_und_Bedarf)<\/li>\n<li><a href=\"#_ednref14\" name=\"_edn14\">[14]<\/a><a href=\"https:\/\/www.vitalstoffmedizin.com\/magnesium\/#Verhaltnis_von_Calcium_zu_Magnesium\" target=\"_blank\" rel=\"noopener\">\u00a0\u00a0\u00a0 Die vielen Vorteile von Magnesium &#8211; Aber welches und wann einnehmen?<\/a><br \/>\n(https:\/\/www.vitalstoffmedizin.com\/magnesium\/#Verhaltnis_von_Calcium_zu_Magnesium)<\/li>\n<li><a href=\"#_ednref15\" name=\"_edn15\">[15]<\/a><a href=\"https:\/\/www.vitalstoffmedizin.com\/selen\/#Bedarf_und_Vorkommen_von_Selen_in_der_Nahrung\" target=\"_blank\" rel=\"noopener\">\u00a0\u00a0\u00a0 Selen<\/a><br \/>\n(https:\/\/www.vitalstoffmedizin.com\/selen\/#Bedarf_und_Vorkommen_von_Selen_in_der_Nahrung)<\/li>\n<li><a href=\"#_ednref16\" name=\"_edn16\">[16]<\/a><a href=\"https:\/\/www.vitalstoffmedizin.com\/kupfer\/#Nahrungsquellen_fur_Kupfer\" target=\"_blank\" rel=\"noopener\">\u00a0\u00a0\u00a0 Kupfer<\/a><br \/>\n(https:\/\/www.vitalstoffmedizin.com\/kupfer\/#Nahrungsquellen_fur_Kupfer)<\/li>\n<li><a href=\"#_ednref17\" name=\"_edn17\">[17]<\/a><a href=\"https:\/\/www.vitalstoffmedizin.com\/eisen\/#Der_Organismus_verfugt_auch_uber_einen_Eisenspeicher\" target=\"_blank\" rel=\"noopener\">\u00a0\u00a0\u00a0 Eisen \u2013 Eigenschaften \u2013 Bedarf des Menschen \u2013 Symptome bei Eisenmangel und mehr<\/a><br \/>\n(https:\/\/www.vitalstoffmedizin.com\/eisen\/#Der_Organismus_verfugt_auch_uber_einen_Eisenspeicher)<\/li>\n<li><a href=\"#_ednref18\" name=\"_edn18\">[18]<\/a><a href=\"https:\/\/www.vitalstoffmedizin.com\/zink\/#Was_ist_Zink_und_was_macht_es_im_Korper\" target=\"_blank\" rel=\"noopener\">\u00a0\u00a0\u00a0 Wann sollte man Zink nehmen? Wieviel Zink? Kann man \u00fcberdosieren?<\/a><br \/>\n(https:\/\/www.vitalstoffmedizin.com\/zink\/#Was_ist_Zink_und_was_macht_es_im_Korper)<\/li>\n<li><a href=\"#_ednref19\" name=\"_edn19\">[19]<\/a><a href=\"https:\/\/www.vitalstoffmedizin.com\/mangan\/#Bedarf_und_Vorkommen_von_Mangan\" target=\"_blank\" rel=\"noopener\">\u00a0\u00a0\u00a0 Mangan<\/a><br \/>\n(https:\/\/www.vitalstoffmedizin.com\/mangan\/#Bedarf_und_Vorkommen_von_Mangan)<\/li>\n<li><a href=\"#_ednref20\" name=\"_edn20\">[20]<\/a><a href=\"https:\/\/www.vitalstoffmedizin.com\/chrom\/#Chrom_in_Lebensmitteln\" target=\"_blank\" rel=\"noopener\">\u00a0\u00a0\u00a0 Chrom<\/a><br \/>\n(https:\/\/www.vitalstoffmedizin.com\/chrom\/#Chrom_in_Lebensmitteln)<\/li>\n<li><a href=\"#_ednref21\" name=\"_edn21\">[21]<\/a><a href=\"https:\/\/www.vitalstoffmedizin.com\/jod\/#Iod-Mangelgebiet_Deutschland\" target=\"_blank\" rel=\"noopener\">\u00a0\u00a0\u00a0 Jod &#8211; Anwendung, Wirkung und Nutzen<\/a><br \/>\n(https:\/\/www.vitalstoffmedizin.com\/jod\/#Iod-Mangelgebiet_Deutschland)<\/li>\n<li><a href=\"#_ednref22\" name=\"_edn22\">[22]<\/a><a href=\"https:\/\/www.vitalstoffmedizin.com\/molybdaen\/#Die_Bedeutung_von_Molybdan_fur_den_Menschen\" target=\"_blank\" rel=\"noopener\">\u00a0\u00a0\u00a0 Molybd\u00e4n<\/a><br \/>\n(https:\/\/www.vitalstoffmedizin.com\/molybdaen\/#Die_Bedeutung_von_Molybdan_fur_den_Menschen)<\/li>\n<li><a href=\"#_ednref23\" name=\"_edn23\">[23]<\/a><a href=\"https:\/\/www.lavita.com\/de-de\/mikronaehrstoffkonzentrat\/studien\/bioverfuegbarkeit\" target=\"_blank\" rel=\"noopener\">\u00a0\u00a0\u00a0 LaVita Bioverf\u00fcgbarkeits-Studie<\/a><br \/>\n(https:\/\/www.lavita.com\/de-de\/mikronaehrstoffkonzentrat\/studien\/bioverfuegbarkeit)<\/li>\n<li><a href=\"#_ednref24\" name=\"_edn24\">[24]<\/a><a href=\"https:\/\/pubmed.ncbi.nlm.nih.gov\/26454489\/\" target=\"_blank\" rel=\"noopener\">\u00a0\u00a0\u00a0 Bioavailabilty of a liquid Vitamin Trace Element Composition in healthy volunteers &#8211; PubMed<\/a><br \/>\n(https:\/\/pubmed.ncbi.nlm.nih.gov\/26454489\/)<\/li>\n<li><a href=\"#_ednref25\" name=\"_edn25\">[25]<\/a><a href=\"https:\/\/pubmed.ncbi.nlm.nih.gov\/26994381\/\" target=\"_blank\" rel=\"noopener\">\u00a0\u00a0\u00a0 Mood improving Potential of a Vitamin Trace Element Composition&#8211;A randomized, double blind, placebo controlled clinical study with healthy volunteers &#8211; PubMed<\/a><br \/>\n(https:\/\/pubmed.ncbi.nlm.nih.gov\/26994381\/)<\/li>\n<li><a href=\"#_ednref26\" name=\"_edn26\">[26]<\/a><a href=\"https:\/\/pubmed.ncbi.nlm.nih.gov\/28171220\/\" target=\"_blank\" rel=\"noopener\">\u00a0\u00a0\u00a0 Prevention of &#8222;nitrosative stress&#8220; by a nutritional supplement (LaVita\u00ae) &#8211; a randomized placebo controlled double blind clinical trial with healthy volunteers &#8211; PubMed<\/a><br \/>\n(https:\/\/pubmed.ncbi.nlm.nih.gov\/28171220\/)<\/li>\n<li><a href=\"#_ednref27\" name=\"_edn27\">[27]<\/a><a href=\"https:\/\/pubmed.ncbi.nlm.nih.gov\/30860682\/\" target=\"_blank\" rel=\"noopener\">\u00a0\u00a0\u00a0 Potential of the multivitamin-mineral-trace element composition LaVita\u00ae before, during and after pregnancy &#8211; PubMed<\/a><br \/>\n(https:\/\/pubmed.ncbi.nlm.nih.gov\/30860682\/)<\/li>\n<\/ul>\n<p>Dieser Beitrag wurde am\u00a0 11.07.2024 erstellt und am 13.10.2024 geringf\u00fcgig zum Vitamin K korrigiert. Die anderen Werte hatte ich nicht erneut gepr\u00fcft.<\/p>\n","protected":false},"excerpt":{"rendered":"<p>Granini machte in den 1980er Jahren eine markante Eigenwerbung mit eingebautem Augenzwinkern, indem das Unternehmen sich als \u201eDeutschlands gr\u00f6\u00dften Saftladen\u201c bezeichnete. Mit dem Einsetzen der Bio-Welle hat sich auch in diesem Segment einiges getan. Mehr und mehr \u201eSaftl\u00e4den\u201c sind dazugekommen. Und alle wollen ein St\u00fcck vom Kuchen ergattern, was erst einmal aus wirtschaftlichen Gr\u00fcnden verst\u00e4ndlich [&hellip;]<\/p>\n","protected":false},"author":19,"featured_media":6102,"comment_status":"open","ping_status":"closed","sticky":false,"template":"","format":"standard","meta":{"_lmt_disableupdate":"no","_lmt_disable":"no","footnotes":""},"categories":[330],"tags":[496,497,489,6,493,492,488,490,484,485,494,439,495,486,498,438,491,487],"class_list":["post-6101","post","type-post","status-publish","format-standard","has-post-thumbnail","hentry","category-ernaehrung","tag-anwendung-lavita","tag-dosierung-lavita","tag-energie-steigern","tag-ernahrung","tag-haare-staerken","tag-hautgesundheit","tag-immunsystem-staerken","tag-konzentration-verbessern","tag-lavita-saft","tag-mikronaehrstoffkonzentrat","tag-naegel-staerken","tag-naehrstoffe","tag-natuerliche-inhaltsstoffe","tag-natuerliche-nahrungsergaenzung","tag-nebenwirkungen-lavita","tag-saft","tag-schlafqualitaet","tag-vitalstoffe"],"modified_by":"Ren\u00e9 Gr\u00e4ber","_links":{"self":[{"href":"https:\/\/naturheilt.com\/blog\/wp-json\/wp\/v2\/posts\/6101","targetHints":{"allow":["GET"]}}],"collection":[{"href":"https:\/\/naturheilt.com\/blog\/wp-json\/wp\/v2\/posts"}],"about":[{"href":"https:\/\/naturheilt.com\/blog\/wp-json\/wp\/v2\/types\/post"}],"author":[{"embeddable":true,"href":"https:\/\/naturheilt.com\/blog\/wp-json\/wp\/v2\/users\/19"}],"replies":[{"embeddable":true,"href":"https:\/\/naturheilt.com\/blog\/wp-json\/wp\/v2\/comments?post=6101"}],"version-history":[{"count":4,"href":"https:\/\/naturheilt.com\/blog\/wp-json\/wp\/v2\/posts\/6101\/revisions"}],"predecessor-version":[{"id":6734,"href":"https:\/\/naturheilt.com\/blog\/wp-json\/wp\/v2\/posts\/6101\/revisions\/6734"}],"wp:featuredmedia":[{"embeddable":true,"href":"https:\/\/naturheilt.com\/blog\/wp-json\/wp\/v2\/media\/6102"}],"wp:attachment":[{"href":"https:\/\/naturheilt.com\/blog\/wp-json\/wp\/v2\/media?parent=6101"}],"wp:term":[{"taxonomy":"category","embeddable":true,"href":"https:\/\/naturheilt.com\/blog\/wp-json\/wp\/v2\/categories?post=6101"},{"taxonomy":"post_tag","embeddable":true,"href":"https:\/\/naturheilt.com\/blog\/wp-json\/wp\/v2\/tags?post=6101"}],"curies":[{"name":"wp","href":"https:\/\/api.w.org\/{rel}","templated":true}]}}