{"id":571,"date":"2010-07-22T08:39:45","date_gmt":"2010-07-22T06:39:45","guid":{"rendered":"https:\/\/naturheilt.com\/blog\/?p=571"},"modified":"2023-10-02T17:51:12","modified_gmt":"2023-10-02T15:51:12","slug":"wurzelspitzenresektion-bei-zahnwurzelentzuendung","status":"publish","type":"post","link":"https:\/\/naturheilt.com\/blog\/wurzelspitzenresektion-bei-zahnwurzelentzuendung\/","title":{"rendered":"Wurzelspitzenresektion bei Zahnwurzelentz\u00fcndung?"},"content":{"rendered":"<p>Heute erhielt ich eine Frage, die ebenfalls kontrovers diskutiert wird:<br \/>\n<!--more--><\/p>\n<blockquote><p><em>Guten Tag Herr Gr\u00e4ber<\/em><\/p>\n<p><em>Auf Ihrer Internetseite habe ich schon viele hilfreiche Informationen entdeckt die mir und meiner Familie geholfen haben.<br \/>\nNun war ich neulich bei meiner Zahn\u00e4rztin und die hat auf der R\u00f6ntgenaufnahme zwei Z\u00e4hne entdeckt wo im Wurzelbereich ein Entz\u00fcndung zu erkennen ist. <\/em><\/p>\n<p><em>Sie schlug mir vor eine Wurzelspitzenresektion machen zu lassen. Im Internet, leider noch nicht auf Ihrer homepage, habe ich dann sehr kritische Stimmen dazu geh\u00f6rt. <\/em><\/p>\n<p><em>Deshalb m\u00f6chte ich Sie gerne fragen was Sie dazu meinen. Haben Sie Erfahrungen mit solch einer Erkrankung und denken Sie, da\u00df naturheilkundlich hier etwas erreicht werden kann ?<\/em><\/p><\/blockquote>\n<p>Also wenn mich fragt, was ICH machen w\u00fcrde: Ich w\u00fcrde es auf keinen Fall eine Wurzelspitzenresektion machen lassen.<\/p>\n<p>Entweder man kann das noch anders in den Griff kriegen (Alternativ wie <a href=\"http:\/\/www.naturheilt.com\/Inhalt\/Entzuendung.allg.htm\"> Entz\u00fcndungen<\/a>) oder ich w\u00fcrde den ganzen Zahn entfernen lassen. Das Problem welches ich halt sehe, ist das der <a href=\"http:\/\/www.yamedo.de\/krankheiten\/zahnkrankheiten\/wurzelbehandelte-zaehne.html\" target=\"_blank\" rel=\"noopener\">wurzelbehandelten Z\u00e4hne<\/a>.<\/p>\n<p>Aber das ist nur das, was ich machen w\u00fcrde. Eine Entscheidung sollten Sie als Patient selbst treffen. Eventuell ist es hilfreich einen weiteren Zahnarzt zu konsultieren um sich eine zweite Meinung einzuholen.<\/p>\n<p><strong>\u00dcbrigens: Wenn Sie solche Informationen interessieren, dann fordern Sie unbedingt meinen Praxis-Newsletter mit den &#8222;5 Wundermitteln&#8220; an:<\/strong><br \/>\n<script type=\"text\/javascript\" src=\"https:\/\/rene-graeber.de\/view_webform_v2.js?u=v9&#038;webforms_id=pD2TS\"><\/script><\/p>\n<p>Kleine Anmerkung: Die Sache mit den &#8222;5 Wundermitteln&#8220; ist mit Abstand der beliebteste Newsletter, den meine Patienten gerne lesen&#8230;<\/p>\n<p>Beitragsbild: pixabay.com &#8211; drshohmelian<\/p>\n","protected":false},"excerpt":{"rendered":"<p>Heute erhielt ich eine Frage, die ebenfalls kontrovers diskutiert wird:<\/p>\n","protected":false},"author":19,"featured_media":5515,"comment_status":"open","ping_status":"open","sticky":false,"template":"","format":"standard","meta":{"_lmt_disableupdate":"","_lmt_disable":"","footnotes":""},"categories":[1],"tags":[193,195,194],"class_list":["post-571","post","type-post","status-publish","format-standard","has-post-thumbnail","hentry","category-allgemein","tag-wurzelspitzenresektion","tag-zahnprobleme","tag-zahnwurzelentzundung"],"modified_by":null,"_links":{"self":[{"href":"https:\/\/naturheilt.com\/blog\/wp-json\/wp\/v2\/posts\/571","targetHints":{"allow":["GET"]}}],"collection":[{"href":"https:\/\/naturheilt.com\/blog\/wp-json\/wp\/v2\/posts"}],"about":[{"href":"https:\/\/naturheilt.com\/blog\/wp-json\/wp\/v2\/types\/post"}],"author":[{"embeddable":true,"href":"https:\/\/naturheilt.com\/blog\/wp-json\/wp\/v2\/users\/19"}],"replies":[{"embeddable":true,"href":"https:\/\/naturheilt.com\/blog\/wp-json\/wp\/v2\/comments?post=571"}],"version-history":[{"count":0,"href":"https:\/\/naturheilt.com\/blog\/wp-json\/wp\/v2\/posts\/571\/revisions"}],"wp:featuredmedia":[{"embeddable":true,"href":"https:\/\/naturheilt.com\/blog\/wp-json\/wp\/v2\/media\/5515"}],"wp:attachment":[{"href":"https:\/\/naturheilt.com\/blog\/wp-json\/wp\/v2\/media?parent=571"}],"wp:term":[{"taxonomy":"category","embeddable":true,"href":"https:\/\/naturheilt.com\/blog\/wp-json\/wp\/v2\/categories?post=571"},{"taxonomy":"post_tag","embeddable":true,"href":"https:\/\/naturheilt.com\/blog\/wp-json\/wp\/v2\/tags?post=571"}],"curies":[{"name":"wp","href":"https:\/\/api.w.org\/{rel}","templated":true}]}}