{"id":5119,"date":"2025-10-15T07:54:19","date_gmt":"2025-10-15T05:54:19","guid":{"rendered":"https:\/\/naturheilt.com\/blog\/?p=5119"},"modified":"2025-10-15T12:49:14","modified_gmt":"2025-10-15T10:49:14","slug":"zum-tod-des-biologen-clemens-arvay","status":"publish","type":"post","link":"https:\/\/naturheilt.com\/blog\/zum-tod-des-biologen-clemens-arvay\/","title":{"rendered":"Clemens Arvay: Ein Biologe gegen Hetze und Ignoranz"},"content":{"rendered":"<p>Der Tod von Clemens Arvay hat viele Menschen ersch\u00fcttert. Nicht nur, weil ein kluger Kopf gegangen ist \u2013 sondern weil er uns zeigt, wie verletzlich Wahrheitssuche in diesen Zeiten geworden ist. Arvay war Biologe, Naturforscher, Br\u00fcckenbauer zwischen Wissenschaft und Leben. Und er wurde Zielscheibe einer Hetze, die kein Ma\u00df kannte. Sein Tod ist mehr als eine Trag\u00f6die \u2013 er ist ein Spiegel.<\/p>\n<p>Ich wurde gebeten zum Tod von Clemens Arvay einige Worte zu verfassen. Der Tod von Clemens Arvay hat viele Menschen (auch zahlreiche meiner Leser und mich selbst) tief getroffen. Es ist der inzwischen traurige H\u00f6hepunkt nach drei Jahren &#8222;Corona-Pandemie&#8220; &#8211; manche sagen auch: drei Jahre der Hetze, Diffamierung und &#8222;Fake-News&#8220;.<\/p>\n<p>Clemens Arvay hatte sich am 18.2.2023 im Alter von 42 Jahren das Leben genommen.<\/p>\n<p>Der erste Bericht zu seinem Ableben erschien wohl auf \u201ereport24\u201c. Dort erfahren wir auch m\u00f6gliche Gr\u00fcnde f\u00fcr seine Entscheidung, aus dem Leben zu scheiden.<\/p>\n<p>Clemens Arvay war ein Biologe, der \u00fcber die Heilkr\u00e4fte der Natur, insbesondere des Waldes, und deren Einfluss auf das Immunsystem (\u00d6koimmunologie) forschte. Sein akademischer Werdegang allerdings entsprach nicht unbedingt dem, was man normalerweise von einem Biologen erwartet, n\u00e4mlich Studiengang Biologie, Abschluss und dann vielleicht noch eine Promotion.<\/p>\n<p>Laut eigenen Angaben hatte Clemens Arvay an der \u201eUniversit\u00e4t f\u00fcr Bodenkultur Wien\u201c<a href=\"#_edn1\" name=\"_ednref1\">[i]<\/a> (BOKU) studiert, eine Universit\u00e4t, die bereits 1872 gegr\u00fcndet wurde. In seiner Vita jedoch bezeichnet er sich als \u201eDiplom-Ingenieur\u201c und dann erst als Biologe. Eine Dozentin der Universit\u00e4t f\u00fcr \u201eAngewandte Pflanzenwissenschaften\u201c und Betreuerin seiner Diplomarbeit best\u00e4tigte in einem offiziellen Schreiben<a href=\"#_edn2\" name=\"_ednref2\">[ii]<\/a>, dass dieser Studiengang, in dem Clemens Arvay abgeschlossen hatte, zu den Biowissenschaften geh\u00f6rt. Ein Abschluss in diesem Studiengang beinhaltet offensichtlich eine Menge Biologie als Grundlage, so dass er sich zu Recht als Biologe bezeichnen konnte.<\/p>\n<h3>Der Biologe, der kein Biologe sein darf<\/h3>\n<p>Auf seiner inzwischen gel\u00f6schten Webseite bekommt man den Eindruck, dass Clemens Arvay h\u00e4nderingend um eine Anerkennung als Biologe gek\u00e4mpft hatte. Grund hierf\u00fcr scheint zu sein, dass laut \u201ereport24\u201c<a href=\"#_edn3\" name=\"_ednref3\">[iii]<\/a> ein \u201elinksradikal motivierter Mob auf Wikipedia\u201c sowie der \u201eVolksverpetzer\u201c nach Kr\u00e4ften versucht h\u00e4tten, seine Reputation und vor allem seine Qualifikation zu sch\u00e4digen und in Abrede zu stellen.<\/p>\n<p>Arvay war noch einmal besonders bekannt geworden, als es 2020 um die \u201eCorona-Pandemie\u201c und in deren Folge um die neuartigen, genbasierten \u201eCoronaimpfungen\u201c ging, wo er eine (auch f\u00fcr mich) fundierte kritische Beurteilung abgab, die offensichtlich so \u00fcberzeugend war, dass man sich von Seiten der Impf-Fanatiker entschlossen hatte, ihn mit allen Mitteln &#8222;auszuschalten&#8220;.<\/p>\n<p>Ein Mittel hierzu war offensichtlich die Aberkennung seiner Qualifikation als Biologe. Denn angeblich k\u00f6nne man in der BOKU nichts anderes als \u201eLandschaftsg\u00e4rtnerei\u201c lernen. Und \u201eLandschaftsg\u00e4rtner\u201c h\u00e4tten keine Ahnung vom Immunsystem.<\/p>\n<p>Interessant ist, dass ein Blick auf den Wikipedia-Eintrag<a href=\"#_edn4\" name=\"_ednref4\">[iv]<\/a> \u00fcber die BOKU keinen derartigen Studiengang erkennen l\u00e4sst. Hatte Wikipedia da diesen Studiengang \u00fcbersehen?<\/p>\n<p>Was man hier sieht, das sind Studieng\u00e4nge<a href=\"#_edn5\" name=\"_ednref5\">[v]<\/a>, die auch in anderen Universit\u00e4ten unter dem weit gefassten Begriff \u201eBiologie\u201c vermittelt werden. Es gibt sogar eine Abteilung f\u00fcr Genetik und Zellbiologie (etwa nur f\u00fcr \u201eLandschaftsg\u00e4rtner\u201c?).<\/p>\n<p>Es scheint zwar die M\u00f6glichkeit seitens der Uni geboten zu werden, dort eine Lehre als Landschaftsg\u00e4rtner zu absolvieren. Das ist ein 3-j\u00e4hriger Lehrgang (und wird auch als solcher bezeichnet) und kein Studium\/Studiengang. Denn die dauern mindestens 4 Jahre.<\/p>\n<p>Im Wikipedia-Beitrag zur Person von Clemens Arvay wird dann sogar frech behauptet, dass er seine Masterarbeit am \u201eInstitut f\u00fcr Gartenbau\u201c absolviert habe. Auch dieses Institut taucht im Wiki-Beitrag \u00fcber die BOKU nicht auf. Offensichtlich hat man bei Wikipedia hier Institute und Studieng\u00e4nge eigens zur Denunziation von Clemens Arvay erfinden m\u00fcssen, um \u00fcberhaupt etwas gegen ihn sagen zu k\u00f6nnen.<\/p>\n<p>Und wie sieht es mit der Qualifikation der Wikipedia-Autoren und Volksverpetzer-Hetzer aus? Bei Wikipedia schreiben nur Pseudonyme und beim Volksverpetzer scheinen die Zeiten, wo Autoren namentlich genannt werden, auch vorbei zu sein. Denn nur zu oft schreiben hier \u201eExperten\u201c, die sich noch nicht einmal in \u201eLandschaftsg\u00e4rtnerei\u201c auskennen, geschweige denn in Sachen Immunsystem.<\/p>\n<p>Das ganze System der Hetze und Propaganda in diesem Bereich scheint man von Psiram \u00fcbernommen zu haben. In einem \u00e4lteren Beitrag beschreibe ich die Strategie, die dahinter steht: Astroturfing &#8211;\u00a0<a href=\"https:\/\/renegraeber.de\/blog\/hexenjagd-im-internet-astroturfing\/\" target=\"_blank\" rel=\"noopener\">Die neue Hexenjagd im Internet: Astroturfing \u2013 Wie Konzerne Ihre Meinung beeinflussen<\/a><\/p>\n<p>Wie diese neue &#8222;Hexenjagd&#8220; seit drei Jahren aussieht, durften M\u00e4nner wie Prof. Stefan Hockertz, Dr. Wolfgang Wodarg oder Prof. Dr. Bakhdi und zahlreiche andere Menschen in diesem Land feststellen. Wer sich das nochmal ansehen m\u00f6chte, wer alles &#8222;mitgemacht&#8220; hat, bei dieser Ausgrenzung und Diffamierung, der werfe mal einen Blick ins Yamedo-Forum zum Thema <a href=\"https:\/\/www.yamedo.de\/forum\/thread\/4413-ich-habe-mitgemacht-archiv-f%C3%BCr-corona-unrecht\/\" target=\"_blank\" rel=\"noopener\">&#8222;Ich habe mitgemacht&#8220; &#8211; das Archiv f\u00fcr Corona-Unrecht<\/a>.<\/p>\n<h3>Piet\u00e4tsgef\u00fchl und Intelligenz<\/h3>\n<p>Offensichtlich scheinen Intelligenz und Piet\u00e4tsgef\u00fchl miteinander verbunden zu sein. Wie dies aussehen kann, zeigt zum Beispiel ein Beitrag auf Twitter, der von Boris Reitschuster<a href=\"#_edn6\" name=\"_ednref6\">[vi]<\/a> zitiert wurde:<\/p>\n<p><a href=\"https:\/\/naturheilt.com\/blog\/wp-content\/uploads\/2023\/02\/arvey1.png\"><img decoding=\"async\" class=\"alignnone size-full wp-image-5120\" src=\"https:\/\/naturheilt.com\/blog\/wp-content\/uploads\/2023\/02\/arvey1.png\" alt=\"\" width=\"484\" height=\"476\" srcset=\"https:\/\/naturheilt.com\/blog\/wp-content\/uploads\/2023\/02\/arvey1.png 484w, https:\/\/naturheilt.com\/blog\/wp-content\/uploads\/2023\/02\/arvey1-300x295.png 300w\" sizes=\"(max-width: 484px) 100vw, 484px\" \/><\/a><\/p>\n<p>Suizid statt Impfung? Anscheinend m\u00f6chte der Schreiber, ohne es zu beabsichtigen, andeuten, dass die \u201eImpfungen\u201c etwas mit Suizid zu tun haben?<\/p>\n<p>Der folgende Kommentar macht dies sogar noch deutlicher:<\/p>\n<p><a href=\"https:\/\/naturheilt.com\/blog\/wp-content\/uploads\/2023\/02\/arvey2.png\"><img decoding=\"async\" class=\"alignnone size-full wp-image-5121\" src=\"https:\/\/naturheilt.com\/blog\/wp-content\/uploads\/2023\/02\/arvey2.png\" alt=\"\" width=\"334\" height=\"420\" srcset=\"https:\/\/naturheilt.com\/blog\/wp-content\/uploads\/2023\/02\/arvey2.png 334w, https:\/\/naturheilt.com\/blog\/wp-content\/uploads\/2023\/02\/arvey2-239x300.png 239w\" sizes=\"(max-width: 334px) 100vw, 334px\" \/><\/a><\/p>\n<p>Suizid als Alternative zum Impfen \u2013 deutlicher kann man die Wirksamkeit der \u201eCoronaimpfungen\u201c nicht beschreiben. Und deutlicher kann man nicht beschreiben, wie piet\u00e4tlos und dumm-dreist die Schreiber solcher Zeilen sein m\u00fcssen. Denn das sollte eine \u201eKritik\u201c an Arvay gewesen sein, ist aber zu einer Best\u00e4tigung seiner Kritik verungl\u00fcckt.<\/p>\n<h3>Nachgedanken<\/h3>\n<p>Was mich am Selbstmord von Clemens Arvay irritiert sind die Begleitumst\u00e4nde. Er mag sehr sensibel gewesen sein, wie der Wiener Psychiater Bonelli <a href=\"#_edn7\" name=\"_ednref7\">[vii]<\/a> angab, der ihm pers\u00f6nlich gekannt hatte. Arvay soll sogar wegen der Angriffe auf ihn seitens Wikipedia und Volksverpetzer geweint haben.<\/p>\n<p>Die fehlende Anerkennung als Biologe scheint ihn wirklich bewegt zu haben, was sich aus seiner pers\u00f6nlichen Webseite durchaus herauslesen l\u00e4sst. Auf der anderen Seite hatte er eine sehr gute, &#8222;geistige Heimat&#8220; mit dem, was er als sein Lebenswerk betrachtete. Das w\u00fcrde ich als deutlich wertvoller erachten, als positive Kommentare oder gar eine &#8222;Anerkennung&#8220; von Wikipedia oder einem Hetz-Organ wie dem &#8222;Volksverpetzer&#8220;.<\/p>\n<p>Was von Wikipedia in Sachen Alternativmedizin zu halten ist, hatte ich bereits vor Jahren dargelegt im Beitrag: <a href=\"https:\/\/www.yamedo.de\/blog\/wikipedia-alternative-medizin-2014\/\" target=\"_blank\" rel=\"noopener\">Kein Vertrauen in Wikipedia \u2013 Das Wiki und seine Verb\u00fcndeten gegen Alternative Medizin<\/a>. Und zu den &#8222;Volksverpetzern&#8220; er\u00fcbrigt sich jeder Kommentar. Wenn man Biologe ist, dann ist man Biologe, auch wenn bestimmte Protagonisten\u00a0 dies in Abrede stellen. Weder Wikipedia, noch Volksverpetzer, haben die Autorit\u00e4t zu bestimmen, wer eine &#8222;wissenschaftliche Qualifikation&#8220; hat und wer nicht. Das ist alleinige Sache der betreuenden Universit\u00e4t.<\/p>\n<p>Um diese Qualifikation anzuzweifeln, m\u00fcsste man deshalb erst einmal die Universit\u00e4t und die Studieng\u00e4nge als \u201eSandkastenspiele in der G\u00e4rtnerei\u201c herabw\u00fcrdigen. Aber an so dicke Brocken wagte man sich bei Wikipedia und Volksverpetzer dann wohl doch nicht ran. Denn das w\u00fcrde die Absurdit\u00e4t der eigenen Argumentation nur zu deutlich entlarven.<\/p>\n<h2>Wie geht es weiter?<\/h2>\n<p>Die Geschichte wird weitergehen. Die Schlagzeilen werden wechseln, die Narrative sich anpassen \u2013 doch der Schmerz bleibt: jener leise Schmerz dar\u00fcber, wie wir mit Menschen umgehen, die uns mahnen wollten, hinzuschauen.<\/p>\n<p>Clemens Arvay hat uns gezeigt, dass Heilung mehr ist als die Abwesenheit von Krankheit. Sie beginnt dort, wo wir wieder in Beziehung treten \u2013 zu uns selbst, zur Natur, zueinander. Vielleicht ist das seine stille Botschaft: dass Wahrhaftigkeit ihren Preis hat, aber niemals vergeblich ist. Lieber Kollege Clemens Arvay \u2013 m\u00f6ge dein Werk weiterwirken. Und m\u00f6ge dein Frieden unser Erinnern sein.<\/p>\n<p><strong>\u00dcbrigens: Wenn Sie solche Informationen interessieren, dann fordern Sie unbedingt meinen Praxis-Newsletter mit den &#8222;5 Wundermitteln&#8220; an:<\/strong><br \/>\n<script type=\"text\/javascript\" src=\"https:\/\/rene-graeber.de\/view_webform_v2.js?u=v9&#038;webforms_id=pD2TS\"><\/script><\/p>\n<p>Kleine Anmerkung: Die Sache mit den &#8222;5 Wundermitteln&#8220; ist mit Abstand der beliebteste Newsletter, den meine Patienten gerne lesen&#8230;<\/p>\n<p><strong>Quellen:<\/strong><\/p>\n<ul>\n<li><a href=\"#_ednref1\" name=\"_edn1\">[i]<\/a><a href=\"https:\/\/boku.ac.at\/\" target=\"_blank\" rel=\"noopener\">\u00a0\u00a0\u00a0\u00a0\u00a0\u00a0 BOKU<\/a><\/li>\n<li><a href=\"#_ednref2\" name=\"_edn2\">[ii]<\/a><a href=\"https:\/\/web.archive.org\/web\/20230223102943\/https:\/6d0f65ae-3ec3-4e35-a70f-3840370e5ccd.usrfiles.com\/ugd\/6d0f65_3990a70ae6de4f74b7abfd7e8e256696.pdf\" target=\"_blank\" rel=\"noopener\">\u00a0\u00a0\u00a0\u00a0\u00a0 Wayback Machine<\/a><\/li>\n<li><a href=\"#_ednref3\" name=\"_edn3\">[iii]<\/a><a href=\"https:\/\/report24.news\/grosse-trauer-um-den-sanften-biologen-clemens-g-arvay\/\" target=\"_blank\" rel=\"noopener\">\u00a0\u00a0\u00a0\u00a0 Gro\u00dfe Trauer um den sanften Biologen Clemens G. Arvay<\/a><\/li>\n<li><a href=\"#_ednref4\" name=\"_edn4\">[iv]<\/a><a href=\"https:\/\/de.wikipedia.org\/wiki\/Universit\u00e4t_f\u00fcr_Bodenkultur_Wien\" target=\"_blank\" rel=\"noopener\">\u00a0\u00a0\u00a0\u00a0 Universit\u00e4t f\u00fcr Bodenkultur Wien \u2013 Wikipedia<\/a><\/li>\n<li><a href=\"#_ednref5\" name=\"_edn5\">[v]<\/a><a href=\"https:\/\/boku.ac.at\/departments\/\" target=\"_blank\" rel=\"noopener\">\u00a0\u00a0\u00a0\u00a0\u00a0 Departments der Universit\u00e4t f\u00fcr Bodenkultur Wien::BOKU<\/a><\/li>\n<li><a href=\"#_ednref6\" name=\"_edn6\">[vi]<\/a><a href=\"https:\/\/reitschuster.de\/post\/impfkritiker-clemens-g-arvay-42-tot\/\" target=\"_blank\" rel=\"noopener\">\u00a0\u00a0\u00a0\u00a0 Impfkritiker Clemens G. Arvay (42) tot &#8211; reitschuster.de<\/a><\/li>\n<li><a href=\"#_ednref7\" name=\"_edn7\">[vii]<\/a><a href=\"https:\/\/www.youtube.com\/watch?v=Ycxf-ffXO5U\" target=\"_blank\" rel=\"noopener\">\u00a0\u00a0\u00a0 Clemens Arvay gestorben! &#8211; YouTube<\/a><\/li>\n<\/ul>\n<p>Beitragsbild: pixabay.com &#8211; ddzphoto<\/p>\n<p>Der Beitrag wurde von mir am 15.10.2025 geringf\u00fcgig angepasst.<\/p>\n","protected":false},"excerpt":{"rendered":"<p>Der Tod von Clemens Arvay hat viele Menschen ersch\u00fcttert. Nicht nur, weil ein kluger Kopf gegangen ist \u2013 sondern weil er uns zeigt, wie verletzlich Wahrheitssuche in diesen Zeiten geworden ist. Arvay war Biologe, Naturforscher, Br\u00fcckenbauer zwischen Wissenschaft und Leben. Und er wurde Zielscheibe einer Hetze, die kein Ma\u00df kannte. Sein Tod ist mehr als [&hellip;]<\/p>\n","protected":false},"author":19,"featured_media":5960,"comment_status":"open","ping_status":"closed","sticky":false,"template":"","format":"standard","meta":{"_lmt_disableupdate":"no","_lmt_disable":"no","footnotes":""},"categories":[1],"tags":[],"class_list":["post-5119","post","type-post","status-publish","format-standard","has-post-thumbnail","hentry","category-allgemein"],"modified_by":"Ren\u00e9 Gr\u00e4ber","_links":{"self":[{"href":"https:\/\/naturheilt.com\/blog\/wp-json\/wp\/v2\/posts\/5119","targetHints":{"allow":["GET"]}}],"collection":[{"href":"https:\/\/naturheilt.com\/blog\/wp-json\/wp\/v2\/posts"}],"about":[{"href":"https:\/\/naturheilt.com\/blog\/wp-json\/wp\/v2\/types\/post"}],"author":[{"embeddable":true,"href":"https:\/\/naturheilt.com\/blog\/wp-json\/wp\/v2\/users\/19"}],"replies":[{"embeddable":true,"href":"https:\/\/naturheilt.com\/blog\/wp-json\/wp\/v2\/comments?post=5119"}],"version-history":[{"count":2,"href":"https:\/\/naturheilt.com\/blog\/wp-json\/wp\/v2\/posts\/5119\/revisions"}],"predecessor-version":[{"id":6729,"href":"https:\/\/naturheilt.com\/blog\/wp-json\/wp\/v2\/posts\/5119\/revisions\/6729"}],"wp:featuredmedia":[{"embeddable":true,"href":"https:\/\/naturheilt.com\/blog\/wp-json\/wp\/v2\/media\/5960"}],"wp:attachment":[{"href":"https:\/\/naturheilt.com\/blog\/wp-json\/wp\/v2\/media?parent=5119"}],"wp:term":[{"taxonomy":"category","embeddable":true,"href":"https:\/\/naturheilt.com\/blog\/wp-json\/wp\/v2\/categories?post=5119"},{"taxonomy":"post_tag","embeddable":true,"href":"https:\/\/naturheilt.com\/blog\/wp-json\/wp\/v2\/tags?post=5119"}],"curies":[{"name":"wp","href":"https:\/\/api.w.org\/{rel}","templated":true}]}}