{"id":4783,"date":"2022-09-27T15:21:11","date_gmt":"2022-09-27T13:21:11","guid":{"rendered":"https:\/\/naturheilt.com\/blog\/?p=4783"},"modified":"2023-10-12T19:35:36","modified_gmt":"2023-10-12T17:35:36","slug":"die-lebenserwartung-sinkt","status":"publish","type":"post","link":"https:\/\/naturheilt.com\/blog\/die-lebenserwartung-sinkt\/","title":{"rendered":"Die Lebenserwartung sinkt"},"content":{"rendered":"<p>Das Ph\u00e4nomen der sinkenden Lebenserwartung zeichnete sich bereits vor einigen Jahren ab. Ich berichtete vor ca. drei Jahren \u00fcber erste deutliche Anzeichen:<\/p>\n<ul>\n<li><a href=\"https:\/\/renegraeber.de\/blog\/lebenserwartung-sinkt\/\" target=\"_blank\" rel=\"noopener\">Von wegen &#8222;Wir werden alle \u00e4lter&#8220; &#8211; Die Lebenserwartung sinkt!<\/a><\/li>\n<\/ul>\n<p>In Deutschland war dieser Trend noch nicht so deutlich zu sehen. Hier gab es nur negative Zahlen bei der \u201eRestlebenserwartung\u201c der \u00fcber 65-J\u00e4hrigen seit dem Jahr 2016, welche um ein halbes Jahr im Vergleich zu den vorhergehenden Jahren gesunken war.<\/p>\n<p>Anscheinend war zu diesem Zeitpunkt diese sinkende \u201eRestlebenserwartung\u201c noch nicht gro\u00df genug, um einen statistisch relevanten Einfluss auf die allgemeine Lebenserwartung aus\u00fcben zu k\u00f6nnen.<\/p>\n<p><!--more--><\/p>\n<p>Dann kam Corona. Selbstverst\u00e4ndlich ging man in den offiziellen Medien davon aus, dass mit der Corona-\u201ePandemie\u201c die Lebenserwartung in Deutschland s\u00e4nke. Und ebenso selbstverst\u00e4ndlich war das Coronavirus hierf\u00fcr verantwortlich zu machen. Die dazu verwendeten statistischen Zahlen und Beitr\u00e4ge stammten nat\u00fcrlich aus den \u00fcblichen, absolut \u201evertrauensw\u00fcrdigen\u201c Quellen, die zuverl\u00e4ssig das bewiesen, was bewiesen werden sollte:<\/p>\n<ul>\n<li><a href=\"https:\/\/www.yamedo.de\/blog\/corona-lebenserwartung\/\" target=\"_blank\" rel=\"noopener\">Senkt Corona die Lebenserwartung?<\/a><\/li>\n<\/ul>\n<p>Auch hier die Frage: Wenn das Coronavirus f\u00fcr die sinkende Lebenserwartung beziehungsweise erh\u00f6hte Mortalit\u00e4t verantwortlich zu machen ist, wieso sind dann in Europa bevorzugt die \u00fcber 60-J\u00e4hrigen betroffen, w\u00e4hrend in den USA die unter 60-J\u00e4hrigen betroffen sind? Gibt es ein SARS-CoV-unter60 und ein SARS-CoV-\u00fcber 60?<\/p>\n<p>Und es erhebt sich die Frage, warum es ausgerechnet in den USA j\u00fcngst zu einem drastischen Abfall der Lebenserwartung gekommen ist. Denn im Jahr 2019 lag die durchschnittliche Lebenserwartung von Amerikanern aller Ethnien bei 79 Jahren. Ende 2021 lag sie nur noch bei 76 Jahren, was einem Verlust von drei Jahren in einem Zeitraum von zwei Jahren entspricht.<a href=\"#_edn1\" name=\"_ednref1\"><sup>[1]<\/sup><\/a> <a href=\"#_edn2\" name=\"_ednref2\"><sup>[2]<\/sup><\/a><\/p>\n<p>Was ist da vorgefallen? Und warum gibt es keine vergleichbaren Zahlen f\u00fcr Deutschland? Oder gibt es diese nicht, weil noch niemand nachgeschaut hat?<\/p>\n<p><strong>\u00dcbrigens: Wenn Sie solche Informationen interessieren, dann fordern Sie unbedingt meinen kostenlosen Praxis-Newsletter &#8222;Unabh\u00e4ngig. Nat\u00fcrlich. Klare Kante.&#8220; dazu an:<\/strong><br \/>\n<script type=\"text\/javascript\" src=\"https:\/\/rene-graeber.de\/view_webform_v2.js?u=v9&#038;webforms_id=pL1KE\"><\/script><\/p>\n<h2>Ist in Amerika alles gr\u00f6\u00dfer?<\/h2>\n<p>W\u00e4hrend es keine Zweifel am dramatischen R\u00fcckgang der Lebenserwartung in den USA gibt, gibt es naturgem\u00e4\u00df die unterschiedlichsten Erkl\u00e4rungsversuche, wieso es \u00fcberhaupt einen R\u00fcckgang und dann noch so drastischen R\u00fcckgang zu geben scheint.<\/p>\n<p>Und hier spielen die \u201eCorona-Impfungen\u201c die gr\u00f6\u00dfte Rolle, sowohl bei den \u201eImpfgegnern\u201c, als auch bei den Bef\u00fcrwortern der Gen-Injektionen. Die Einen sehen die \u201eImpfungen\u201c als Ursache f\u00fcr den R\u00fcckgang der Lebenserwartungen, bedingt durch eine massive Erh\u00f6hung der \u00dcbersterblichkeit. Die Anderen behaupten, dass niemand anderes als SARS-CoV-2 f\u00fcr dieses Ph\u00e4nomen verantwortlich sein muss.<\/p>\n<p>Letztere scheinen dabei gerne vergessen zu wollen, dass doch ihre hei\u00df geliebten \u201eCorona-Impfungen\u201c angeblich vor Infektion, Hospitalisierung und Tod zu sch\u00fctzen in der Lage sind. Wieso ist dann Covid-19 in den Jahren 2021 und 2022 f\u00fcr die \u00dcbersterblichkeit verantwortlich? Sollte man nicht erwarten d\u00fcrfen, dass in diesen beiden Jahren vielleicht sogar eine Untersterblichkeit zu beobachten sein m\u00fcsste, die nat\u00fcrlich auf das Konto der \u201eCorona-Impfungen\u201c zu gehen hat. Aber die hat es nie gegeben. Was also ist los?<\/p>\n<h2>Verzweifelte Erkl\u00e4rungsversuche<\/h2>\n<p>Nach der Feststellung, dass die Lebenserwartung in den USA in den letzten beiden Jahren um drei Jahre geschrumpft ist, entdeckt die \u201eNew York Times\u201c<a href=\"#_edn3\" name=\"_ednref3\"><sup>[3]<\/sup><\/a>, ein Narrativ-loyales Medium der US-Regierung, die \u201ewahre Ursache\u201c f\u00fcr den Schwund an Lebenserwartung: Hohe Diabetesraten bei den Ureinwohnern Amerikas mit einer Rate von eins von sieben, gepaart mit \u00dcbergewicht. Denn bereits im \u201ePandemie-Jahr\u201c 2020 wurde bekannt, dass Grunderkrankungen, wie zum Beispiel \u00dcbergewicht und Diabetes, das Mortalit\u00e4tsrisiko bei einer Coronainfektion deutlich erh\u00f6hen.<\/p>\n<p>Da muss man sich nat\u00fcrlich fragen, ob es diesen Sachverhalt erst ab 2020 gab? Und warum verschwand er nicht zu Beginn 2021? Sind jetzt die Indianer der USA alleine f\u00fcr den R\u00fcckgang der Lebenserwartung verantwortlich? Wenn es nicht diese Indianer mit deren Diabetes g\u00e4be, w\u00e4re dann die statistische Welt der USA heute noch in Ordnung?<\/p>\n<p>Aber trotz allem: Da die Ureinwohner Amerikas immer schon bevorzugte \u201eVersuchskaninchen\u201c der Pharmaindustrie, insbesondere bei Impfungen, waren, war es selbstverst\u00e4ndlich, dass gro\u00dfe Teile der amerikanischen Indianer \u201egeimpft\u201c wurden. Dennoch trotz der hohen \u201eImpfquote\u201c nahm die Lebenserwartung bei Indianern und Gesamtbev\u00f6lkerung kontinuierlich ab:<\/p>\n<p><img decoding=\"async\" class=\"alignnone size-full wp-image-4784\" src=\"https:\/\/naturheilt.com\/blog\/wp-content\/uploads\/2022\/09\/lebenserwartung.png\" alt=\"\" width=\"692\" height=\"556\" srcset=\"https:\/\/naturheilt.com\/blog\/wp-content\/uploads\/2022\/09\/lebenserwartung.png 692w, https:\/\/naturheilt.com\/blog\/wp-content\/uploads\/2022\/09\/lebenserwartung-300x241.png 300w\" sizes=\"(max-width: 692px) 100vw, 692px\" \/><\/p>\n<p>Da die Abnahme der Lebenserwartung mit Covid-19 und Zucker-Indianern alleine nicht mehr zu erkl\u00e4ren war, suchten die Freunde der Gen-Injektionen nach allen m\u00f6glichen weiteren Ursachen: Todesf\u00e4lle durch Unfall, \u00dcberdosis von Drogen, Herzerkrankungen, chronische Lebererkrankungen, Zirrhose etc. Es durfte, so schien es fast, alles sein, Hauptsache es eignete sich, von den \u201eCorona-Impfungen\u201c als m\u00f6gliche Ursache, zus\u00e4tzlich oder haupts\u00e4chlich, abzulenken.<\/p>\n<p>Eine besonders beliebte Erkl\u00e4rung f\u00fcr \u00dcbersterblichkeit und gesunkene Lebenserwartung war die Unfallstatistik in den USA, die in den beiden Jahren 2021 und 2022 ein Rekordhoch erreicht hatte. Jetzt schien man eine probate Erkl\u00e4rung bekommen zu haben, warum es diese \u00dcbersterblichkeit gab. Diese Erkl\u00e4rung hatte nur einen Haken: Sie erkl\u00e4rte nicht, wieso es in diesem Zeitraum zu so vielen t\u00f6dlichen Unf\u00e4llen kam.<\/p>\n<p>Dummerweise lie\u00dfen sich diese signifikanten H\u00e4ufungen durch genau das erkl\u00e4ren, was man eigentlich hatte vermeiden wollen: Als Folge von Herzinfarkten, Schlaganf\u00e4llen, pl\u00f6tzlichem Herztod, Ohnmachtsanf\u00e4llen etc. am Steuer, verursacht durch eben diese \u201eImpfung\u201c, die es angeblich nicht gewesen sein kann.<\/p>\n<p>Man kann es nat\u00fcrlich nicht beweisen, dass die Gen-Injektionen f\u00fcr das erh\u00f6hte Unfallaufkommen verantwortlich sind. Aber die Injektionen sind auch bekannt daf\u00fcr, Bewusstseinseintr\u00fcbungen, Orientierungsverlust, Verwirrung etc. auszul\u00f6sen, die ebenfalls t\u00f6dliche Unf\u00e4lle verursachen k\u00f6nnten.<\/p>\n<p>Autopsien k\u00f6nnten hier mehr Klarheit verschaffen, vor allem wo es jetzt m\u00f6glich ist, Spike-Proteine im Organismus nachzuweisen und gleichzeitig nachzuweisen, ob die gefundenen Spike-Proteine vom Virus oder von einer Gen-Injektion herr\u00fchren.<a href=\"#_edn4\" name=\"_ednref4\"><sup>[4]<\/sup><\/a> Warum aber lehnen die Freunde der Gen-Injektionen derartige Autopsien wohl ab? Wissen sie bereits jetzt, dass routinem\u00e4\u00dfig durchgef\u00fchrte Autopsien unerw\u00fcnschte\/unbequeme Resultate zur Folge haben w\u00fcrden?<\/p>\n<h2>Die \u201eCorona-Impfungen\u201c k\u00f6nnen es nicht sein<\/h2>\n<p>Interessant ist, dass ungl\u00fccklicherweise Zeitgenossen sterben, pl\u00f6tzlich und unerwartet, bei denen der Tod wirklich pl\u00f6tzlich und unerwartet kam: Junge, kerngesunde Sportler.<a href=\"#_edn5\" name=\"_ednref5\"><sup>[5]<\/sup><\/a> Die H\u00e4ufigkeit dieser pl\u00f6tzlichen Todesf\u00e4lle im Vergleich zu den Vorjahren war so signifikant, dass man dies nicht mehr mit dem Zufall erkl\u00e4ren kann.<\/p>\n<p>Was ist die Ursache hier?<\/p>\n<p>Eine nicht erkannte Herzerkrankung oder Diabetes? Oder litten diese professionellen Sportler an einem \u201esymptomlosen\u201c \u00dcbergewicht (da wiegt man 250 Kilo und sieht aus als wenn man nur 75 Kilo w\u00f6ge)?<\/p>\n<p>Und alles das haben die Schulmediziner, in diesem Fall die Sportmediziner, die die professionellen Sportler regelm\u00e4\u00dfig betreuen, nicht erkennen k\u00f6nnen? Was noch sind die Schulmediziner nicht in der Lage zu erkennen? Zum Beispiel, dass als einzig plausible Erkl\u00e4rung f\u00fcr diese Vorf\u00e4lle nur die Gen-Injektionen infrage kommen k\u00f6nnen. Denn das ist die einzige Gemeinsamkeit, die bei allen diesen F\u00e4llen zu erkennen war.<\/p>\n<p>In Schottland wird seit geraumer Zeit \u00f6ffentlich \u00fcber eine \u00dcbersterblichkeit diskutiert, die bei 11 % \u00fcber dem F\u00fcnfjahresdurchschnitt liegt.<a href=\"#_edn6\" name=\"_ednref6\"><sup>[6]<\/sup><\/a> Diese \u00dcbersterblichkeit scheint wohl so massiv zu sein, dass sie mit Covid-19 alleine nicht mehr zu erkl\u00e4ren ist. Die Schotten unternehmen einen zaghaften Erkl\u00e4rungsversuch, indem sie \u201eindirekte Gesundheitseffekte der Pandemie\u201c mit ins Boot holen, was immer das hei\u00dft. Die sich anschlie\u00dfende \u201eFragebogenaktion\u201c nach m\u00f6glichen Ursachen, die die Leser online beantworten konnten, enthielt nicht eine einzige Frage, ob die Gen-Injektionen hier mit eine Rolle spielen k\u00f6nnten. Und wenig genehme Antworten, wie zum Beispiel von einem Herrn Docherty, sind teilweise geschw\u00e4rzt.<a href=\"#_edn7\" name=\"_ednref7\"><sup>[7]<\/sup><\/a><\/p>\n<p>Das gleiche Bild, nur diesmal f\u00fcr die allgemeine Bev\u00f6lkerung und nicht nur Sportler, bieten Zahlen von Lebensversicherungen und Krankenkassen.<\/p>\n<p>Mein Beitrag dazu vom 1. M\u00e4rz 2022 diskutierte die Zahlen einer gro\u00dfen amerikanischen Lebensversicherung, die eine Erh\u00f6hung der Mortalit\u00e4t ihrer Versicherten im Alter zwischen 18-64 Jahren f\u00fcr das Jahr 2021 von 40 % gesehen hatte.<\/p>\n<ul>\n<li><a href=\"https:\/\/freie-impfentscheidung.de\/impf-nebenwirkungen-schockierende-daten\/\" target=\"_blank\" rel=\"noopener\">Schockierende Daten der Krankenkassen und Impf-Nebenwirkungen<\/a><\/li>\n<\/ul>\n<p>Auch das l\u00e4sst sich nicht mehr mit Covid-19, Diabetes, \u00dcbergewicht und Pandemieauswirkungen alleine erkl\u00e4ren. Im gleichen Beitrag berichtete ich von einer deutschen Krankenkasse, die \u00e4hnliche Zahlen bereitstellen konnte. Ich wei\u00df nicht, was aus dem Chef der amerikanischen Lebensversicherung geworden ist &#8211; der Gesch\u00e4ftsf\u00fchrer der Deutschen Krankenkasse wurde gefeuert, weil er diese Daten \u00f6ffentlich gemacht hatte. Treffer!<\/p>\n<p>Wie sagte Karl Kraus (angeblich) so treffend: Was trifft, trifft auch zu\u2026 Volltreffer!<\/p>\n<h2>Weitere Volltreffer<\/h2>\n<p>Weil f\u00fcr das Ph\u00e4nomen \u00dcbersterblichkeit und sinkende Lebenserwartung bislang keine \u00fcberzeugende Ursache hat gesichtet werden k\u00f6nnen und die einzige \u00fcberzeugende Ursache nicht Ursache sein darf, ist es an der Zeit, sich die Frage zu stellen, in welchem Bereich die Ursache(n) zu suchen w\u00e4ren.<\/p>\n<p>Die nat\u00fcrliche Mortalit\u00e4t scheidet als Ursache aus, da die nat\u00fcrlichen Todesraten stabil sind und nicht grundlos hochschnellen. Laut Steve Kirsch haben wir es hier mit einem Ereignis zu tun, das per Zufall nur einmal alle 2,8 Milliarden Jahre auftaucht. Das hei\u00dft in der Praxis \u201eniemals\u201c.<a href=\"#_edn8\" name=\"_ednref8\"><sup>[8]<\/sup><\/a><\/p>\n<p>Seine Liste enth\u00e4lt eine Reihe von Hinweisen, die auf den m\u00f6glichen Charakter der \u201eUrsache\u201c verweisen k\u00f6nnten:<\/p>\n<ol>\n<li>Nicht zu leugnen: Der signifikante Anstieg der Mortalit\u00e4tsraten begann nach der Einf\u00fchrung der \u201eCorona-Impfungen\u201c, nicht vorher.<\/li>\n<li>Es sind in erster Linie die Menschen zwischen 18 und 64 Jahren, die sterben.<\/li>\n<li>Es gibt eine \u00dcbersterblichkeit, die es in der Geschichte noch nie gegeben hat, was darauf hinweist, dass es sich hier als Ursache um eine neue Bedrohung handelt.<\/li>\n<li>Todesf\u00e4lle durch Covid-19 sind stark zur\u00fcckgegangen, sodass Covid-19 als Ursache kaum Bedeutung haben d\u00fcrfte.<\/li>\n<li>Momentan sterben die Leute aufgrund einer Reihe von Ursachen, sodass die meisten Krankheitserreger als Ursache ausscheiden d\u00fcrften.<\/li>\n<li>Um eine derartig hohe \u00dcbersterblichkeit zu erzielen, muss die t\u00f6dliche Ursache eine \u00fcberw\u00e4ltigende Anzahl von Menschen erreichen. Laut Kirsch trifft dies genau auf die \u201eCorona-Impfungen\u201c zu, die neu sind und gleichzeitig rund die H\u00e4lfte der Weltpopulation betreffen.<\/li>\n<li>Die dramatische Zunahme von Erkrankungen und Gesundheitssch\u00e4den legt nahe, dass die, die nicht gestorben sind, von dieser neuen Bedrohung ernstlich gesch\u00e4digt wurden, und das auf lange Zeit. Inzwischen sind eine Reihe von Mechanismen bekannt, mit deren Hilfe die \u201eCorona-Impfungen\u201c Menschen sch\u00e4digen oder sogar t\u00f6ten k\u00f6nnen.<\/li>\n<\/ol>\n<h2>Denke ich an Deutschland in der Nacht \u2026<\/h2>\n<p>F\u00fcr Deutschland gibt es Zahlen, die das Statistische Bundesamt am 20. September 2022 ver\u00f6ffentlicht hatte.<a href=\"#_edn9\" name=\"_ednref9\"><sup>[9]<\/sup><\/a><\/p>\n<p>Angaben zu einer sinkenden Lebenserwartung werden hier (selbstverst\u00e4ndlich) nicht gemacht. Aber eine gewisse \u00dcbersterblichkeit wird diskutiert. Die Zahlen dazu gibt es <a href=\"https:\/\/www.destatis.de\/DE\/Themen\/Gesellschaft-Umwelt\/Bevoelkerung\/Sterbefaelle-Lebenserwartung\/Tabellen\/sonderauswertung-sterbefaelle-pdf.pdf?__blob=publicationFile\" target=\"_blank\" rel=\"noopener\">hier<\/a>.<\/p>\n<p>Nachdem man f\u00fcr das Jahr 2020 noch eine Corona-bedingte \u201e\u00dcbersterblichkeit\u201c<a href=\"#_edn10\" name=\"_ednref10\"><sup>[10]<\/sup><\/a> herbei gerechnet hatte, fallen dummerweise die Zahlen f\u00fcr 2021 und die ersten Zahlen f\u00fcr 2022 trotz der erl\u00f6senden \u201eImpfung\u201c \u00fcberhaupt nicht gut aus. Denn die \u00dcbersterblichkeit scheint kein Ende nehmen zu wollen. Hier die Zahlen f\u00fcr die einzelnen Monate bis August 2022:<\/p>\n<p>Dezember 2021 &#8211; +25 %<\/p>\n<ul>\n<li>Januar 2022 &#8211; +5 %<\/li>\n<li>Februar 2022 &#8211; +1 %<\/li>\n<li>M\u00e4rz 2022 &#8211; +7 %<\/li>\n<li>April 2022 &#8211; +7 %<\/li>\n<li>Mai 2022 &#8211; +8 %<\/li>\n<li>Juni 2022 &#8211; +8 %<\/li>\n<li>Juli 2022 &#8211; +12 %<\/li>\n<li>August 2022 &#8211; +11 %<\/li>\n<\/ul>\n<p>Wie erkl\u00e4ren sich die deutschen Statistiker diese f\u00fcr die lebensrettenden \u201eImpfungen\u201c\u00a0 unvorteilhaften Zahlen? Ganz einfach \u2026<\/p>\n<p>Die hohen Werte im M\u00e4rz, April und Mai beruhen nur darauf, dass die Sterbefallzahlen f\u00fcr die Vorjahre r\u00fcckl\u00e4ufig gewesen waren. Oder mit anderen Worten: Nicht die neuen Zahlen von 2022 sind hoch, sondern die Zahlen aus den \u201evorpandemischen Jahren\u201c w\u00e4ren ja so niedrig. Was f\u00fcr eine Unversch\u00e4mtheit von den \u201evorpandemischen\u201c Zahlen, nicht wahr? Die machen die ganze Effektivit\u00e4tsberechnung der \u201eCorona-Impfungen\u201c zunichte.<\/p>\n<p>Und der H\u00f6chstwert im Juli 2022 beruht jetzt nicht auf viel zu niedrigen, \u201evorpandemischen\u201c Zahlen, sondern auf dem Klima. Denn im Juli, in der Kalenderwoche 29, war es besonders hei\u00df, was die \u201eCovid-19-Todesfallkurve\u201c in die H\u00f6he schnellen lie\u00df. Hitze und nicht K\u00e4lte?<\/p>\n<p>Wie wir alle wissen, d\u00fcrfte es im Sommer nie hei\u00df gewesen sein, zumindest nicht in den \u201evorpandemischen\u201c Jahren, oder etwa doch? Die Klima-Panik-Mache bedankt sich gerade.<\/p>\n<p>Dabei erhebt sich zus\u00e4tzlich die Frage, warum Hitze ausgerechnet die Coronaviren aktivieren soll? Waren Coronaviren keine Erk\u00e4ltungsviren, deren Saison im sp\u00e4ten Herbst beginnt und im Fr\u00fchjahr des Folgejahres endet? Oder traf das auch nur in den \u201evorpandemischen\u201c Jahren zu?<\/p>\n<p>Jedenfalls scheint dies richtig zu sein, wenn es darum geht, jeden Hauch eines Verdachts von den \u201eCorona-Impfungen\u201c als Ursache abzulenken. Da ist jede noch so d\u00e4mliche Erkl\u00e4rung gerade gut genug, um diese der Bev\u00f6lkerung als \u201eWissenschaft\u201c verkaufen zu k\u00f6nnen.<\/p>\n<h2>Fazit<\/h2>\n<p>In den USA ist ein massiver R\u00fcckgang der Lebenserwartung zu beobachten, dessen Ursachen jetzt diskutiert werden. Selbstverst\u00e4ndlich scheidet hier als Ursache die \u201eCorona-Impfung\u201c von vornherein aus.<\/p>\n<p>In Deutschland ist man mit der selektiven Ursachenforschung f\u00fcr unbequeme Zahlen vom Schlage \u00dcbersterblichkeit derart besch\u00e4ftigt, dass hier noch kein R\u00fcckgang der Lebenserwartung beobachtet werden konnte. Ich glaube nicht, dass sich in absehbarer Zeit in dieser Richtung etwas tun wird. Denn nach den andauernden Zahlen zur \u00dcbersterblichkeit dann noch ein R\u00fcckgang der Lebenserwartung, und das alles im Zusammenhang mit den \u201eImpfungen\u201c, das w\u00fcrde mehr Arbeit in Sachen \u201eErkl\u00e4rungen des nicht Erkl\u00e4rbaren\u201c bedeuten.<\/p>\n<p><strong>\u00dcbrigens: Wenn Sie solche Informationen interessieren, dann fordern Sie unbedingt meinen kostenlosen Praxis-Newsletter &#8222;Unabh\u00e4ngig. Nat\u00fcrlich. Klare Kante.&#8220; dazu an:<\/strong><br \/>\n<script type=\"text\/javascript\" src=\"https:\/\/rene-graeber.de\/view_webform_v2.js?u=v9&#038;webforms_id=pL1KE\"><\/script><\/p>\n<p>Quellen:<\/p>\n<ul>\n<li><a href=\"#_ednref1\" name=\"_edn1\">[1]<\/a><a href=\"https:\/\/www.globalresearch.ca\/us-life-expectancy-falls-again-historic-decline\/5793478\" target=\"_blank\" rel=\"noopener\">\u00a0\u00a0\u00a0\u00a0 US Life Expectancy Falls Again in \u2018Historic\u2019 Decline &#8211; Global ResearchGlobal Research &#8211; Centre for Research on Globalization<\/a><\/li>\n<li><a href=\"#_ednref2\" name=\"_edn2\">[2]<\/a><a href=\"https:\/\/www.amren.com\/news\/2022\/09\/u-s-life-expectancy-falls-again-in-historic-setback\/\" target=\"_blank\" rel=\"noopener\">\u00a0\u00a0\u00a0\u00a0 U.S. Life Expectancy Falls Again in \u2018Historic\u2019 Setback &#8211; American Renaissance<\/a><\/li>\n<li><a href=\"#_ednref3\" name=\"_edn3\">[3]<\/a><a href=\"https:\/\/archive.ph\/MWWCu\" target=\"_blank\" rel=\"noopener\">\u00a0\u00a0\u00a0\u00a0 US Life Expectancy Falls Again in \u2018Historic\u2019 Setback &#8211; The New York Times<\/a><\/li>\n<li><a href=\"#_ednref4\" name=\"_edn4\">[4]<\/a><a href=\"https:\/\/www.pathologie-konferenz.de\/\" target=\"_blank\" rel=\"noopener\">\u00a0\u00a0\u00a0\u00a0 Pressekonferenz am Montag, den 20.09.2021 | Todesursache nach COVID-19-Impfung &amp; Undeklarierte Bestandteile der COVID-19-Impfstoffe<\/a><\/li>\n<li><a href=\"#_ednref5\" name=\"_edn5\">[5]<\/a><a href=\"https:\/\/freie-impfentscheidung.de\/liste-sportler-ploetzlich-verstorben-erkrankt\/\" target=\"_blank\" rel=\"noopener\">\u00a0\u00a0\u00a0\u00a0 Liste von Sportlern, die pl\u00f6tzlich und unerwartet verstorben oder erkrankt sind<\/a><\/li>\n<li><a href=\"#_ednref6\" name=\"_edn6\">[6]<\/a><a href=\"https:\/\/www.parliament.scot\/chamber-and-committees\/committees\/current-and-previous-committees\/session-6-covid19-recovery-committee\/business-items\/excess-deaths-in-scotland-since-the-start-of-the-pandemic-inquiry\" target=\"_blank\" rel=\"noopener\">\u00a0\u00a0\u00a0\u00a0 Inquiry into excess deaths in Scotland since the start of the COVID-19 pandemic | Scottish Parliament Website<\/a><\/li>\n<li><a href=\"#_ednref7\" name=\"_edn7\">[7]<\/a><a href=\"https:\/\/yourviews.parliament.scot\/covid19\/excess-deaths-covid19-pandemic\/consultation\/view_respondent?uuId=907912525\" target=\"_blank\" rel=\"noopener\">\u00a0\u00a0\u00a0\u00a0 Response 907912525 to Excess deaths in Scotland since the start of the pandemic &#8211; Scottish Parliament &#8211; Citizen Space<\/a><\/li>\n<li><a href=\"#_ednref8\" name=\"_edn8\">[8]<\/a><a href=\"https:\/\/stevekirsch.substack.com\/p\/unprecedented-deaths-in-indiana-for\" target=\"_blank\" rel=\"noopener\">\u00a0\u00a0\u00a0\u00a0 Unprecedented: Deaths in Indiana for ages 18-64 are up 40%<\/a><\/li>\n<li><a href=\"#_ednref9\" name=\"_edn9\">[9]<\/a><a href=\"https:\/\/www.destatis.de\/DE\/Themen\/Gesellschaft-Umwelt\/Bevoelkerung\/Sterbefaelle-Lebenserwartung\/sterbefallzahlen.html\" target=\"_blank\" rel=\"noopener\">\u00a0\u00a0\u00a0\u00a0 Sonderauswertung zu Sterbefallzahlen der Jahre 2020 bis 2022<\/a><\/li>\n<li><a href=\"#_ednref10\" name=\"_edn10\">[10]<\/a><a href=\"https:\/\/www.yamedo.de\/blog\/uebersterblichkeit-herbeigerechnet\/\" target=\"_blank\" rel=\"noopener\">\u00a0\u00a0 \u00dcbersterblichkeit 2020 herbei gerechnet<\/a><\/li>\n<\/ul>\n","protected":false},"excerpt":{"rendered":"<p>Das Ph\u00e4nomen der sinkenden Lebenserwartung zeichnete sich bereits vor einigen Jahren ab. Ich berichtete vor ca. drei Jahren \u00fcber erste deutliche Anzeichen: Von wegen &#8222;Wir werden alle \u00e4lter&#8220; &#8211; Die Lebenserwartung sinkt! In Deutschland war dieser Trend noch nicht so deutlich zu sehen. Hier gab es nur negative Zahlen bei der \u201eRestlebenserwartung\u201c der \u00fcber 65-J\u00e4hrigen [&hellip;]<\/p>\n","protected":false},"author":19,"featured_media":4784,"comment_status":"open","ping_status":"closed","sticky":false,"template":"","format":"standard","meta":{"_lmt_disableupdate":"","_lmt_disable":"","footnotes":""},"categories":[1],"tags":[],"class_list":["post-4783","post","type-post","status-publish","format-standard","has-post-thumbnail","hentry","category-allgemein"],"modified_by":null,"_links":{"self":[{"href":"https:\/\/naturheilt.com\/blog\/wp-json\/wp\/v2\/posts\/4783","targetHints":{"allow":["GET"]}}],"collection":[{"href":"https:\/\/naturheilt.com\/blog\/wp-json\/wp\/v2\/posts"}],"about":[{"href":"https:\/\/naturheilt.com\/blog\/wp-json\/wp\/v2\/types\/post"}],"author":[{"embeddable":true,"href":"https:\/\/naturheilt.com\/blog\/wp-json\/wp\/v2\/users\/19"}],"replies":[{"embeddable":true,"href":"https:\/\/naturheilt.com\/blog\/wp-json\/wp\/v2\/comments?post=4783"}],"version-history":[{"count":0,"href":"https:\/\/naturheilt.com\/blog\/wp-json\/wp\/v2\/posts\/4783\/revisions"}],"wp:featuredmedia":[{"embeddable":true,"href":"https:\/\/naturheilt.com\/blog\/wp-json\/wp\/v2\/media\/4784"}],"wp:attachment":[{"href":"https:\/\/naturheilt.com\/blog\/wp-json\/wp\/v2\/media?parent=4783"}],"wp:term":[{"taxonomy":"category","embeddable":true,"href":"https:\/\/naturheilt.com\/blog\/wp-json\/wp\/v2\/categories?post=4783"},{"taxonomy":"post_tag","embeddable":true,"href":"https:\/\/naturheilt.com\/blog\/wp-json\/wp\/v2\/tags?post=4783"}],"curies":[{"name":"wp","href":"https:\/\/api.w.org\/{rel}","templated":true}]}}