{"id":4246,"date":"2021-06-27T18:02:01","date_gmt":"2021-06-27T16:02:01","guid":{"rendered":"https:\/\/naturheilt.com\/blog\/?p=4246"},"modified":"2025-10-22T10:21:08","modified_gmt":"2025-10-22T08:21:08","slug":"antibiotikaresetenz-unterschaetze-bedrohung","status":"publish","type":"post","link":"https:\/\/naturheilt.com\/blog\/antibiotikaresetenz-unterschaetze-bedrohung\/","title":{"rendered":"Die wahre Pandemie: Antibiotikaresistenzen"},"content":{"rendered":"<p>W\u00e4hrend die gesamte Welt wie hypnotisiert auf ein angeblich super gef\u00e4hrliches Virus starrt, haben sich Blick und Aufmerksamkeit von wirklichen Bedrohungen aus der Welt der Mikroorganismen so gut wie verabschiedet.<\/p>\n<p><strong>Immerhin warnt die amerikanische CDC, dass diese untersch\u00e4tzte Bedrohung real sei: Die Resistenz gegen Antibiotika.<\/strong><\/p>\n<p><!--more--><\/p>\n<p>Auf ihrer Webseite<a href=\"#_edn1\" name=\"_ednref1\">[i]<\/a> wei\u00df die CDC zu berichten, dass die Antibiotikaresistenz einer der gr\u00f6\u00dften Herausforderungen in Bezug auf die \u00f6ffentliche Gesundheit unserer Zeit sei. In den USA erleiden jedes Jahr mindestens 2,8 Millionen Menschen eine antibiotikaresistente Infektion. Und mehr als 35.000 Menschen sterben daran.<\/p>\n<p>Selbstverst\u00e4ndlich schl\u00e4gt die WHO<a href=\"#_edn2\" name=\"_ednref2\">[ii]<\/a> in genau die gleiche Kerbe. Auf ihrer Webseite erkl\u00e4rt sie die Antibiotikaresistenz als globale Gesundheits- und Entwicklungsbedrohung. Sie versteigt sich sogar dazu, Antibiotikaresistenzen zu einem der Top 10 globalen Gesundheitsbedrohungen f\u00fcr die Menschheit zu kr\u00f6nen.<\/p>\n<p>Wir kennen CDC und WHO aber inzwischen als Teil der \u201ePanikschmiede\u201c in Sachen Covid-19. Und, wer einmal l\u00fcgt, dem glaubt man nicht, auch wenn er dann die Wahrheit spricht. Also ist dies auch eine erneute Panikmache, die sich politisch gl\u00e4nzend ausschlachten lassen kann (wenn Covid-19 langweilig geworden ist und niemand mehr so recht an die Sensationsmeldungen glaubt)?<\/p>\n<h2>Ein kurzer R\u00fcckblick<\/h2>\n<p>In dieser Hinsicht muss ich der CDC ein wenig den R\u00fccken st\u00e4rken. Denn ich hatte bereits seit l\u00e4ngerem das Thema \u201eAntibiotikaresistenz\u201c unter die Lupe genommen und war zu Ergebnissen gekommen, die denen der CDC sehr \u00e4hnlich sehen:<\/p>\n<ul>\n<li><a href=\"https:\/\/www.renegraeber.de\/antibiotika-gefahren-resistenzen.html\" target=\"_blank\" rel=\"noopener\">Antibiotika &#8211; Gefahren und Resistenzen<\/a>\u00a0 &#8211; Hier erf\u00e4hrt der Leser unter anderem, dass j\u00e4hrlich 700.000 Menschen weltweit an antibiotikaresistenten Infektionen sterben. In Deutschland sind es deren 15.000. Die \u201eDeutsche Gesellschaft f\u00fcr Krankenhaushygiene\u201c spricht sogar von 30.000 Todesopfern im Zusammenhang mit der Antibiotikaresistenz.<\/li>\n<li><a href=\"https:\/\/www.naturheilt.com\/antibiotika\/\">Der Fluch der Antibiotika<\/a>\u00a0 &#8211; Dieser Beitrag verdeutlicht, wie es zu der Resistenzbildung durch den falschen Einsatz von Antibiotika gekommen ist beziehungsweise auch noch weiter kommt, da der falsche Umgang mit Antibiotika von Seiten der Schulmedizin nie wirklich korrigiert wurde.<\/li>\n<li><a href=\"https:\/\/naturheilt.com\/blog\/mehr-antibiotika-fuer-mehr-infektionen\/\">Ein Teufelskreislauf: Mehr Antibiotika = Mehr Infektionen<\/a>\u00a0 &#8211; Eine Beschreibung eines Teufelskreises und dessen Einfluss auf die Darmflora (und somit mittelbar auch auf das Immunsystem).<\/li>\n<li><a href=\"https:\/\/naturheilt.com\/blog\/33-000-tote-wegen-antibiotika-resistenzen\/\">33.000 Tote wegen Antibiotika-Resistenzen &#8211; Vielen Dank an Schulmedizin und Landwirtschaft<\/a>\u00a0 &#8211; Eine Bestandsaufnahme aus dem Jahr 2018 mit alarmierenden Entwicklungen.<\/li>\n<li><a href=\"https:\/\/naturheilt.com\/blog\/fluorchinolone-nebenwirkungen-2013\/\">Antibiotika: Fluorchinolone mit gravierenden Nebenwirkungen \u2013 Ein \u00e4rztliches Rezept f\u00fcr Desaster<\/a><\/li>\n<li><a href=\"https:\/\/naturheilt.com\/blog\/antibiotika-der-fluorchinolone-gruppe\/\">WARNUNG vor Antibiotika der Fluorchinolone-Gruppe!<\/a>\u00a0 &#8211; Und hier haben wir einen Vertreter der Antibiotika, die zus\u00e4tzlich zur Ausbildung von Resistenzen potenziell mehr Schaden anrichten als Nutzen spenden.<\/li>\n<\/ul>\n<p>Nicht nur bei Covid-19 werden nat\u00fcrliche\/alternative Therapieoptionen ignoriert beziehungsweise teilweise massiv unterdr\u00fcckt. Das Gleiche gilt auch f\u00fcr den Einsatz von Antibiotika, die viel zu h\u00e4ufig Mittel der 1. Wahl sind, obwohl sie in vielen F\u00e4llen nicht wirken beziehungsweise kontraindiziert sind. Aber es gibt sie, die nat\u00fcrlichen Antibiotika, die so wirksam sind, dass sie dem Antibiotika-Gesch\u00e4ft der Pharmaindustrie locker den Wind aus den Segeln nehmen:<\/p>\n<ul>\n<li><a href=\"https:\/\/naturheilt.com\/blog\/alte-antibiotika-neu-entdeckt\/\">Ein altes Rezept aus dem Mittelalter t\u00f6tet Superbakterien<\/a>.<\/li>\n<li><a href=\"https:\/\/www.naturheilt.com\/natuerliche-antibiotika\/\">Nat\u00fcrliche und pflanzliche Antibiotika<\/a>.<\/li>\n<\/ul>\n<p>Und weil die Schulmedizin prinzipiell ihren alten, falschen Behandlungsmethoden treu bleiben m\u00f6chte, setzt sich diese faule Praxis auch im Zusammenhang mit Covid-19 fort:<\/p>\n<ul>\n<li><a href=\"https:\/\/www.yamedo.de\/blog\/corona-verschaerft-antibiotika-krise\/\" target=\"_blank\" rel=\"noopener\">\u00c4rzte setzen bei Covid-19-Patienten h\u00e4ufig unn\u00f6tig Antibiotika ein<\/a>.<\/li>\n<\/ul>\n<p><strong>\u00dcbrigens: Wenn Sie solche Informationen interessieren, dann fordern Sie unbedingt meinen kostenlosen Praxis-Newsletter &#8222;Unabh\u00e4ngig. Nat\u00fcrlich. Klare Kante.&#8220; dazu an:<\/strong><br \/>\n<script type=\"text\/javascript\" src=\"https:\/\/rene-graeber.de\/view_webform_v2.js?u=v9&#038;webforms_id=pL1KE\"><\/script><\/p>\n<h2>Die Corona-Pandemie und die Antibiotika<\/h2>\n<p>W\u00e4hrend mein Beitrag zu Covid-19 und Antibiotikaresistenzen noch vom Juli 2020 stammt, gibt es jetzt \u201efrische\u201c Erkenntnisse, die meine alten Einsch\u00e4tzungen unterst\u00fctzen. Eine taiwanesische Arbeit<a href=\"#_edn3\" name=\"_ednref3\">[iii]<\/a>, ver\u00f6ffentlicht im April 2021, beschreibt eine drastische Zunahme von antibiotikaresistenten St\u00e4mmen (nicht nur MRSA). Ursache wird nicht nur, aber auch dem vermehrten Einsatz von Antibiotika bei Covid-19 Patienten zugeschrieben, der auch dann erfolgte, wenn \u00fcberhaupt keine Ko- oder Sekund\u00e4rinfektion mit Bakterien vorgelegen hatte.<\/p>\n<p>Aber nicht nur Covid-19-Patienten wurden antibiotisch behandelt. Auch die gesamte Umwelt wurde, wann und wo immer nur es m\u00f6glich war, gegen das super gef\u00e4hrliche \u201eHusten, Schnupfen, Heiserkeit-Virus\u201c dekontaminiert. Oberfl\u00e4chen wurden desinfiziert. Teilweise wurden ganze Geb\u00e4ude oder Wohnungen, wo ein Test-Positiver geortet worden war, mit aufw\u00e4ndigen Dekontaminierungsma\u00dfnahmen durch einen Trupp von Leuten in wei\u00dfen \u201eRaumanz\u00fcgen\u201c bedacht.<\/p>\n<p>Nur am Rande: Man fragt sich hier, ob das wirklich nur ein Resultat einer Paranoia ist oder ob hier panikerzeugende Bilder produziert werden sollten?<\/p>\n<p>Aber genau diese weitverbreiteten privaten Bem\u00fchungen mit Desinfektionsmitteln, sowie die staatlich verordneten Desinfektionsma\u00dfnahmen scheinen der treibende Faktor zu sein, dass resistente Keime gegen genau diese Desinfektionsmittel entstanden sind. Die bereits zitierte Arbeit aus Taiwan beschreibt dann das Ausma\u00df der Resistenzbildungen, die sich auf eine fast endlos lange Liste an Erregern hat ausbreiten k\u00f6nnen:<\/p>\n<ul>\n<li>Extended-Spektrum-?-Laktamase (ESBL)-produzierende Klebsiella pneumoniae.<\/li>\n<li>Carbapenem-resistente Neu-Delhi-Metallo-?-Laktamase (NDM)-produzierende Enterobacterales.<\/li>\n<li>Acinetobacter baumannii.<\/li>\n<li>Methicillin-resistenter Staphylococcus aureus (MRSA).<\/li>\n<li>Pan-Echinocandin-resistente Candida glabrata.<\/li>\n<li>Multitriazol-resistenter Aspergillus fumigatus.<\/li>\n<\/ul>\n<p>In vielen F\u00e4llen haben sich bei COVID-19-Patienten als Resultat der \u201eBehandlung\u201c Sekund\u00e4rinfektionen mit multiresistenten Organismen gezeigt. Pilz-Koinfektionen bei COVID-19-Patienten sind ebenfalls h\u00e4ufig, wobei ein Bericht aus China nahelegt, dass mehr als 70% der COVID-19-Patienten Antibiotika erhielten.<\/p>\n<p>Andere Untersuchungen ergaben, dass 84,7 % der hospitalisierten COVID-19-Patienten eine intraven\u00f6se Antibiotikatherapie erhielten, w\u00e4hrend ein im \u201eJournal of Antimicrobial Chemotherapy\u201c<a href=\"#_edn4\" name=\"_ednref4\">[iv]<\/a> ver\u00f6ffentlichter Bericht besagt, dass bis zu 95 % der COVID-19-Patienten in Krankenh\u00e4usern Antibiotika verschrieben werden.<\/p>\n<p>Man muss sich hier die Frage stellen, warum die Schulmedizin bis heute versucht, eine Virusinfektion mit Antibiotika zu \u201eheilen\u201c? Nat\u00fcrlich wird man h\u00e4ufig die Antwort bekommen, dass der Antibiotikaeinsatz rein prophylaktisch sei, da ein Patient, der von einer Virusinfektion geschw\u00e4cht ist, sich h\u00e4ufig eine bakterielle Zweitinfektion zuzieht. Aber sind Antibiotika \u00fcberhaupt f\u00fcr eine Prophylaxe geeignet\/zugelassen? Handelt es sich hierbei nicht um Medikamente zur Behandlung von akuten Erkrankungen, in diesem Fall Infektionen?<\/p>\n<p>Das Unangenehme in dieser Situation ist, dass die Symptome von Covid-19 und die Symptome einer zum Beispiel bakteriellen Pneumonie so \u00e4hnlich sind, dass man aufgrund der Symptome alleine keine eindeutige Diagnose stellen kann, ob es sich hier um eine bakterielle oder eine virale Infektion oder beides zusammen handelt. Und da macht man es sich einfach einfach und gibt vorsichtshalber Antibiotika dazu, obwohl die Diagnose stock und steif \u201eCovid-19-Infektion\u201c lautet.<\/p>\n<p>Dazu kommt noch, dass es gegen Covid-19 kein Medikament und keine Impfung (zum damaligen Zeitpunkt) gab. Zumindest war dies die allgemein anerkannte Meinung in der Schulmedizin, der Presse und der Politik, da hier durchaus wirksame alternativmedizinische Behandlungen von dieser Seite aus verdammt wurden (Ivermectin, Hydroxychloroquin<a href=\"#_edn5\" name=\"_ednref5\">[v]<\/a>, Vitamin C<a href=\"#_edn6\" name=\"_ednref6\">[vi]<\/a>, Vitamin D<a href=\"#_edn7\" name=\"_ednref7\">[vii]<\/a> etc.).<\/p>\n<p>Wenn also die Schulmedizin alles Alternative als unwirksam betrachtet und sich selbst nur als den Heiligen Gral und Mittelpunkt des Universums in Sachen \u201eHeilung\u201c versteht, aber nicht f\u00e4hig ist, nicht einmal ein \u201eHusten, Schnupfen, Heiserkeit-Virus\u201c zu therapieren, weil es keine Medikamente und keine Impfungen dagegen gibt, dann steht man eigentlich ganz sch\u00f6n bl\u00f6d da. Und da wahrt die Gabe von Antibiotika zumindest den Schein von medizinischer Qualifikation, auch wenn dies der Beleg f\u00fcr das komplette Gegenteil ist.<\/p>\n<p>Jetzt, wo es die \u201eImpfungen\u201c gibt, kann die Schulmedizin aus dem Vollen sch\u00f6pfen. Denn die erl\u00f6sende Therapie ist da. Dabei ist diese Therapie f\u00fcr betroffene Patienten alles andere als erl\u00f6send, vor allem f\u00fcr die, die an betr\u00e4chtlichen Nebenwirkungen leiden, die mindestens so leidvoll sind wie die Symptome einer starken Infektion.<\/p>\n<p>Nein, erl\u00f6send sind die \u201eImpfungen\u201c f\u00fcr die Schulmedizin, die endlich ein Werkzeug in der Hand hat, mit dem man sich wichtig machen kann. Es ist schon wunderbar erl\u00f6send, wenn man als Halbgott in Wei\u00df jetzt nicht mehr ganz so bl\u00f6d-ohnm\u00e4chtig dasteht wie zuvor.<\/p>\n<p>Und so hat die Corona-\u201ePandemie\u201c eine handfeste Antibiotika-Pandemie ausgel\u00f6st. Und die wiederum hat eine Pandemie an Resistenzentwicklungen bei den verschiedensten Krankheitserregern bewirkt, zum Beispiel bei den Carbapeneme-resistenten Enterobakterien, deren Inzidenz von 6,7 % in 2019 auf 50 % in M\u00e4rz\/April 2020 hochschnellte.<\/p>\n<h2>Antibiotika in der Massentierhaltung<\/h2>\n<p>Dieses Thema und dessen Einfluss auf die Resistenzentwicklung von pathogenen Keimen hat schon vor Covid-19 bestanden. Ich hatte dazu die entsprechenden Beitr\u00e4ge ver\u00f6ffentlicht:<\/p>\n<ul>\n<li><a href=\"https:\/\/naturheilt.com\/blog\/eiertanz-antibiotika-huehner\/\">Eier-Tanz um Antibiotika-H\u00fchner<\/a>.<\/li>\n<li><a href=\"https:\/\/renegraeber.de\/blog\/masthuehner-bekommen-antibiotika\/\" target=\"_blank\" rel=\"noopener\">J\u00e4hrlich gr\u00fc\u00dft die Katastrophe: Resistente Keime und Antibiotika im Gefl\u00fcgelfleisch<\/a>.<\/li>\n<\/ul>\n<p>Insgesamt werden 73 % der verkauften Antibiotika in der Massentierhaltung eingesetzt. Dies hat verschiedene Gr\u00fcnde. Zum Einen ist aufgrund der hohen Anzahl an Tieren auf engstem Raum die Infektionsgefahr besonders hoch. Das hei\u00dft, dass wenn nur ein Tier an einer Infektion erkrankt ist, dieses diese Infektion schnell weitergibt und dann in k\u00fcrzester Zeit die gesamte Population erkrankt sein wird.<\/p>\n<p>Und hier setzen die Z\u00fcchter Antibiotika prophylaktisch ein, um eventuell auftretende Infektionen \u201eim Keim zu ersticken\u201c. Ein weiterer Grund ist, dass niedrige Dosierungen von Antibiotika das Wachstum der Tiere beschleunigen. Dadurch erzielt man schnellere Ertr\u00e4ge, die ein profitorientiertes Unternehmen besonders zu sch\u00e4tzen wei\u00df.<\/p>\n<p>Die Kehrseite der Medaille jedoch ist, dass genau diese Praxis resistente Varianten kreiert, die dann bei den Tieren wenig relevant sind, da die sehr bald geschlachtet werden. Erreichen jedoch diese resistenten Varianten den Menschen, dann haben wir eine antibiotikaresistente Population an Keimen im Umlauf, wie wir sie jetzt beobachten k\u00f6nnen.<\/p>\n<p>Von daher sind nicht nur die Antibiotika-freudigen Schulmediziner als Schuldige f\u00fcr Resistenzen anzusehen. Auch und im Besonderen ist es die Massentierhaltung mit ihrer sch\u00e4digenden Praxis, die zu diesem Problem beigetragen hat und immer noch beitr\u00e4gt. Vor allem sind es hier die geringen Dosierungen, die das Wachstum der Tiere f\u00f6rdern sollen, die besonders resistenzbildend wirken.<\/p>\n<p>Die geringen Dosierungen lassen einen signifikanten Teil der Bakterien \u00fcberleben, die dann gen\u00fcgend Zeit haben, sich auf die neue Umwelt mit Antibiotika einzustellen und Gegenma\u00dfnahmen auszubilden, also resistent zu werden. Bakterien und Viren machen dies besonders gut, da sie \u00fcber ein entsprechend hohes Potenzial an Mutationen verf\u00fcgen, bei denen sich dann die Mutationen durchsetzen, die einen Selektionsvorteil\/\u00dcberlebensvorteil im Zusammenhang mit der Anwesenheit von Antibiotika garantieren.<\/p>\n<h2>Fazit<\/h2>\n<p>Antibiotikaresistenzen sind kein Nebenprodukt der Covid-19-\u201ePandemie\u201c. Der ungez\u00fcgelte Einsatz in der Massentierhaltung und in den Kliniken und Arztpraxen haben zu diesem Problem gef\u00fchrt. Die Covid-19-\u201ePandemie\u201c leistet ihren Beitrag, dass der ungez\u00fcgelte Einsatz in der Schulmedizin einen neuen H\u00f6hepunkt erf\u00e4hrt. Denn die Hilflosigkeit der \u00c4rzte gegen\u00fcber SARS-CoV-2, einem angeblich t\u00f6dlichen Virus, im Jahr 2020 war nur zu offensichtlich.<\/p>\n<p>In Ermangelung an \u201ewirksamen Medikamenten oder Impfungen\u201c begann die verehrte \u00c4rzteschaft nach L\u00f6sungen zu suchen, wobei nicht-pharmazeutische L\u00f6sungen ignoriert oder diskreditiert wurden. Damit hatte man noch weniger in der Hand als zuvor. Was blieb, das waren die Antibiotika, die von der Schulmedizin als f\u00fcr sie w\u00fcrdige Therapieform erachtet wurde, ungeachtet der Tatsache, dass Antibiotika nicht gegen Viren wirksam sind.<\/p>\n<p>Fazit vom Fazit: Die Schulmedizin ist sich sicher, dass die neuen \u201eImpfungen\u201c die L\u00f6sung sind. Wie zuverl\u00e4ssig ist eine solche Aussage von jemanden, der noch nicht einmal wei\u00df, dass Antibiotika gegen Viren nichts ausrichten k\u00f6nnen? Oder sie wissen es und setzen die Antibiotika trotzdem ein? Wie intelligent ist das?<\/p>\n<p><strong>\u00dcbrigens: Wenn Sie solche Informationen interessieren, dann fordern Sie unbedingt meinen kostenlosen Praxis-Newsletter dazu an:<\/strong><br \/>\n<script type=\"text\/javascript\" src=\"https:\/\/rene-graeber.de\/view_webform_v2.js?u=v9&#038;webforms_id=pDDkW\"><\/script><\/p>\n<hr \/>\n<p><strong>Quellen:<\/strong><\/p>\n<ul>\n<li><a href=\"#_ednref1\" name=\"_edn1\">[i]<\/a><a href=\"https:\/\/www.cdc.gov\/drugresistance\/index.html\" target=\"_blank\" rel=\"noopener\">\u00a0\u00a0\u00a0\u00a0\u00a0 Antibiotic \/ Antimicrobial Resistance | CDC<\/a><\/li>\n<li><a href=\"#_ednref2\" name=\"_edn2\">[ii]<\/a><a href=\"https:\/\/www.who.int\/news-room\/fact-sheets\/detail\/antimicrobial-resistance\" target=\"_blank\" rel=\"noopener\">\u00a0\u00a0\u00a0\u00a0 Antimicrobial resistance<\/a><\/li>\n<li><a href=\"#_ednref3\" name=\"_edn3\">[iii]<\/a><a href=\"https:\/\/pubmed.ncbi.nlm.nih.gov\/33746045\/\" target=\"_blank\" rel=\"noopener\">\u00a0\u00a0 Increased antimicrobial resistance during the COVID-19 pandemic &#8211; PubMed<\/a><\/li>\n<li><a href=\"#_ednref4\" name=\"_edn4\">[iv]<\/a><a href=\"https:\/\/academic.oup.com\/jac\/article\/75\/11\/3411\/5891793\" target=\"_blank\" rel=\"noopener\">\u00a0\u00a0\u00a0 COVID-19, antibiotics and One Health: a UK environmental risk assessment | Journal of Antimicrobial Chemotherapy | Oxford Academic<\/a><\/li>\n<li><a href=\"#_ednref5\" name=\"_edn5\">[v]<\/a><a href=\"https:\/\/naturheilt.com\/blog\/corona-quercetin-hydroxychloroquin\/\">\u00a0\u00a0\u00a0\u00a0 Corona \u2013 Was hilft? Quercetin contra Hydroxychloroquin<\/a><\/li>\n<li><a href=\"#_ednref6\" name=\"_edn6\">[vi]<\/a><a href=\"https:\/\/vitalstoffmedizin.com\/blog\/vitamin-c-gegen-corona\/\" target=\"_blank\" rel=\"noopener\">\u00a0\u00a0\u00a0 Vitamin C gegen Corona? Daten und Studien aus China, die Mut machen<\/a><\/li>\n<li><a href=\"#_ednref7\" name=\"_edn7\">[vii]<\/a><a href=\"https:\/\/vitalstoffmedizin.com\/blog\/corona-vitamin-d-covid-19\/\" target=\"_blank\" rel=\"noopener\">\u00a0 Corona: Vitamin D gegen Covid-19 &#8211; Sehr interessante Studienergebnisse!<\/a><\/li>\n<\/ul>\n<p>Beitragsbild: stockxpert.com<\/p>\n<p>Dieser Beitrag wurde am 27.06.2021 erstellt.<\/p>\n","protected":false},"excerpt":{"rendered":"<p>W\u00e4hrend die gesamte Welt wie hypnotisiert auf ein angeblich super gef\u00e4hrliches Virus starrt, haben sich Blick und Aufmerksamkeit von wirklichen Bedrohungen aus der Welt der Mikroorganismen so gut wie verabschiedet. Immerhin warnt die amerikanische CDC, dass diese untersch\u00e4tzte Bedrohung real sei: Die Resistenz gegen Antibiotika.<\/p>\n","protected":false},"author":19,"featured_media":1720,"comment_status":"open","ping_status":"open","sticky":false,"template":"","format":"standard","meta":{"_lmt_disableupdate":"","_lmt_disable":"","footnotes":""},"categories":[1],"tags":[44,64,372,347],"class_list":["post-4246","post","type-post","status-publish","format-standard","has-post-thumbnail","hentry","category-allgemein","tag-antibiotika","tag-antibiotikaresistenz","tag-cdc","tag-who"],"modified_by":"Ren\u00e9 Gr\u00e4ber","_links":{"self":[{"href":"https:\/\/naturheilt.com\/blog\/wp-json\/wp\/v2\/posts\/4246","targetHints":{"allow":["GET"]}}],"collection":[{"href":"https:\/\/naturheilt.com\/blog\/wp-json\/wp\/v2\/posts"}],"about":[{"href":"https:\/\/naturheilt.com\/blog\/wp-json\/wp\/v2\/types\/post"}],"author":[{"embeddable":true,"href":"https:\/\/naturheilt.com\/blog\/wp-json\/wp\/v2\/users\/19"}],"replies":[{"embeddable":true,"href":"https:\/\/naturheilt.com\/blog\/wp-json\/wp\/v2\/comments?post=4246"}],"version-history":[{"count":1,"href":"https:\/\/naturheilt.com\/blog\/wp-json\/wp\/v2\/posts\/4246\/revisions"}],"predecessor-version":[{"id":6914,"href":"https:\/\/naturheilt.com\/blog\/wp-json\/wp\/v2\/posts\/4246\/revisions\/6914"}],"wp:featuredmedia":[{"embeddable":true,"href":"https:\/\/naturheilt.com\/blog\/wp-json\/wp\/v2\/media\/1720"}],"wp:attachment":[{"href":"https:\/\/naturheilt.com\/blog\/wp-json\/wp\/v2\/media?parent=4246"}],"wp:term":[{"taxonomy":"category","embeddable":true,"href":"https:\/\/naturheilt.com\/blog\/wp-json\/wp\/v2\/categories?post=4246"},{"taxonomy":"post_tag","embeddable":true,"href":"https:\/\/naturheilt.com\/blog\/wp-json\/wp\/v2\/tags?post=4246"}],"curies":[{"name":"wp","href":"https:\/\/api.w.org\/{rel}","templated":true}]}}