{"id":4088,"date":"2021-02-22T17:25:33","date_gmt":"2021-02-22T15:25:33","guid":{"rendered":"https:\/\/naturheilt.com\/blog\/?p=4088"},"modified":"2022-10-03T20:48:45","modified_gmt":"2022-10-03T18:48:45","slug":"schweiz-5g","status":"publish","type":"post","link":"https:\/\/naturheilt.com\/blog\/schweiz-5g\/","title":{"rendered":"Schweiz: Das 5G-Debakel &#8211; ein Festival von falschen Erkl\u00e4rungen und Halbwahrheiten"},"content":{"rendered":"<p>Im \u201eCorona-Tumult\u201c scheint die Diskussion um die Installation von 5G ein wenig in den Hintergrund ger\u00fcckt zu sein. Zuvor hatte ich einige Beitr\u00e4ge geliefert, die gezeigt haben, dass die Installation von 5G m\u00f6glicherweise bis sehr wahrscheinlich mit negativen Auswirkungen f\u00fcr die Gesundheit der Bev\u00f6lkerung, die dieser Strahlung ausgesetzt sein wird, verbunden ist.<\/p>\n<ul>\n<li><a href=\"https:\/\/naturheilt.com\/blog\/aerzte-fordern-baustopp-fuer-5g\/\">\u00c4rzte fordern Baustopp f\u00fcr 5G Mobilfunk-Technologie<\/a>.<\/li>\n<li><a href=\"https:\/\/renegraeber.de\/blog\/5g-mobilfunk-180-wissenschaftler-fordern-stopp\/\" target=\"_blank\" rel=\"noopener\">5G Mobilfunk &#8211; 180 Wissenschaftler aus 36 L\u00e4ndern fordern einen Stopp des Ausbau<\/a>.<\/li>\n<li><a href=\"https:\/\/www.yamedo.de\/blog\/bruessel-stoppt-5g\/\" target=\"_blank\" rel=\"noopener\">Br\u00fcssel wehrt sich gegen 5G &#8211; Grund: Gesundheitsrisiko durch Elektro-Smog<\/a>.<\/li>\n<li><a href=\"https:\/\/naturheilt.com\/blog\/5g-mobilfunk-gesundheit\/\">5G Mobilfunk und Ihre Gesundheit &#8211; Alle jubeln, aber kaum jemand wei\u00df wirklich Bescheid<\/a>.<\/li>\n<\/ul>\n<p>Und ein Beitrag vom 22. M\u00e4rz 2020, der sich auf die Ereignisse des Schweizer Kantons Genf bezieht:<\/p>\n<ul>\n<li><a href=\"https:\/\/renegraeber.de\/blog\/genf-verbietet-bau-von-5g\/\" target=\"_blank\" rel=\"noopener\">Schweizer Kanton Genf verbietet den Bau von 5G &#8211; dennoch: b\u00fchnenreife Tricks der Schweizer Mobilfunk-Industrie<\/a>.<\/li>\n<\/ul>\n<p><!--more--><\/p>\n<h2>5G-Neuigkeiten aus der Schweiz<\/h2>\n<p>Etwas untergegangen zu sein scheinen die Informationen, die sich auf 5G und die Schweiz beziehen. So gab es einen interessanten Beitrag im Oktober 2020, der mit einem \u201emerkw\u00fcrdigen\u201c Statement des Gesch\u00e4ftsf\u00fchrers von Sunrise begann: \u201e<em>So hatten wir uns das nicht vorgestellt<\/em>\u201c <a href=\"https:\/\/www.orwell-news.ch\/bei-5g-tut-sich-einiges\/\" target=\"_blank\" rel=\"noopener\">(Link zum Beitrag)<\/a>.<\/p>\n<p>Laut eigenem Bekunden ist Sunrise das \u201e<em>gr\u00f6\u00dfte nicht staatlich kontrollierte Telekommunikationsunternehmen in der Schweiz, welches mobile Kommunikation, Internet, TV und Festnetzdienste anbietet.<\/em>\u201c <a href=\"https:\/\/web.archive.org\/web\/20210227073644\/https:\/\/www.sunrise.ch\/en\/corporate-communications\/about%20us.html\" target=\"_blank\" rel=\"noopener\">(Link zum Beitrag)<\/a><\/p>\n<p>Zum 5G wei\u00df das Unternehmen zu berichten, dass es sich hier \u201e<em>praktisch um ein Glasfaser-Internet durch die Luft<\/em>\u201c handele. Und auf der entsprechenden Seite erf\u00e4hrt der Leser, dass seit Februar 2021 angeblich 713 St\u00e4dte in der Schweiz bereits mit 5G versorgt werden <a href=\"https:\/\/www.sunrise.ch\/en\/residential\/world-of-5g.html\" target=\"_blank\" rel=\"noopener\">(Link zum Beitrag)<\/a>.<\/p>\n<p>Dann sollte eigentlich die Welt von Sunrise in Ordnung sein. Warum dann die Klage des Sunrise-Gesch\u00e4ftsf\u00fchrers Andr\u00e9 Krause?<\/p>\n<p>Wie es aussieht, wird die Luft f\u00fcr die 5G-Industrie in der Schweiz immer d\u00fcnner. Aus diesem Grunde hatten sich die Chefs der Schweizer Kommunikationskonzerne an die Schweizer Bundespr\u00e4sidentin Simonetta Sommaruga gewandt mit der Bitte, das Limit f\u00fcr die Strahlenbelastung zu erh\u00f6hen, um ein reibungsloses Funktionieren der 5G-Technik zu gew\u00e4hrleisten. Diese Erh\u00f6hung des Limits w\u00fcrde die 12,4-fache Belastung dessen mit sich bringen, was im Augenblick an Strahlung emittiert wird.<\/p>\n<p>Der Schweizer Bundesrat jedoch scheint momentan zumindest davon nichts wissen zu wollen. Denn eine technikgerechte Implementierung von 5G w\u00fcrde mit dem Aufstellen von 20.000 weiteren Antennen einhergehen m\u00fcssen, was bislang durch Moratorien und Einw\u00e4nde verhindert werden konnte.<\/p>\n<p>Die Handy-Industrie dagegen behauptet k\u00fchn, dass von den 5G-Antennen sogar noch weniger Strahlung ausginge als von den alten Antennen. Kein Wunder also, dass die Industrie eine Erh\u00f6hung des Power-Outputs f\u00fcr die neuen Antennen fordert, wenn diese doch angeblich so schwach sind.<\/p>\n<p>Aber sind die neuen Antennen wirklich so schwach auf der Brust? Oder haben wir es hier wieder einmal mit einer Aktion seitens der Kommunikationsindustrie zu tun, die auf gesch\u00f6nten oder gleich gef\u00e4lschten Darstellungen beruht?<\/p>\n<p>Wenn alles so toll ist, warum z\u00f6gern die Schweizer Beh\u00f6rden?<\/p>\n<h2>Der ultimative Tritt in den Allerwertesten<\/h2>\n<p>Nicht nur eine Reihe von Schulmedizinern wenden sich entschieden gegen 5G. Nicht nur die Stadt Br\u00fcssel wehrt sich gegen 5G. Und nicht nur 180 Wissenschaftler aus 36 L\u00e4ndern wehren sich gegen 5G (siehe Links eingangs dieses Beitrags). Neben der Schweizer Regierung sind es jetzt sogar die Angestellten der Kommunikationsfirmen, die einen Stopp der drahtlosen Kommunikationstechnologie fordern.<\/p>\n<p>Wer sind diese St\u00f6renfriede? Es sind rund 1000 Angestellte von Orange, dem gr\u00f6\u00dften Kommunikationskonzern in Frankreich. Auf der Webseite von Robert F. Kennedy \u201eChildren&#8217;s Health Defense\u201c <a href=\"https:\/\/childrenshealthdefense.org\/news\/employees-at-frances-biggest-phone-company-undermine-countrys-5g-push\/\" target=\"_blank\" rel=\"noopener\">(Link zum Beitrag)<\/a> wurde am 22.September 2020 berichtet, dass die Angestellten von Orange einen Stopp von 5G von ihrer Gesch\u00e4ftsleitung forderten. Denn diese neue Technologie w\u00fcrde Milliarden von neuen Antennen weltweit erforderlich machen, die den Energieverbrauch hierf\u00fcr exponentiell in die H\u00f6he schie\u00dfen lassen w\u00fcrden.<\/p>\n<p>Das ist das erste Mal in der Geschichte, dass Angestellte einer Kommunikationsfirma den Ausbau der eigenen Technologie verhindern wollen. Und das ist der ultimative Tritt in den Allerwertesten der 5G-Technologie.<\/p>\n<p><strong>\u00dcbrigens: Wenn Sie solche Informationen interessieren, dann fordern Sie unbedingt meinen kostenlosen Praxis-Newsletter &#8222;Unabh\u00e4ngig. Nat\u00fcrlich. Klare Kante.&#8220; dazu an:<\/strong><br \/>\n<script type=\"text\/javascript\" src=\"https:\/\/rene-graeber.de\/view_webform_v2.js?u=v9&#038;webforms_id=pL1KE\"><\/script><\/p>\n<h2>Das 5G-Debakel &#8211; ein Festival von falschen Erkl\u00e4rungen und Halbwahrheiten<\/h2>\n<p>Der Datenkonsum von Mobilfunknetzwerken verdoppelt sich mit jedem Jahr. Dank der Corona-\u201ePandemie\u201c gibt es jetzt noch den Trend zum \u201eHome Office\u201c und \u201eSchule von zu Hause\u201c. Und ein erh\u00f6hter Datenkonsum und eine damit einhergehende Auslastung der bestehenden Kapazit\u00e4ten ruft da nat\u00fcrlich nach einer Erh\u00f6hung solcher Kapazit\u00e4ten, zum Beispiel \u00fcber 5G, welches angeblich hundertmal mehr Daten verarbeiten kann als das jetzige Netzwerk. Diese Menge an Daten\/erh\u00f6hte Kapazit\u00e4ten sollen sogar in einem Zehntel der Zeit durchgef\u00fchrt werden k\u00f6nnen als dies im Moment der Fall ist. Das w\u00e4re also eine Erh\u00f6hung um den Faktor 1000.<\/p>\n<p>Wer bekommt da nicht einen w\u00e4ssrigen Mund?!<\/p>\n<p>So versprach Urs Schaeppi, der Gesch\u00e4ftsf\u00fchrer von Swisscom, seinen Kunden, dass bis zum Dezember 2019 90 % der Schweiz mit 5G versorgt sein w\u00fcrde.<\/p>\n<p>Sunrise r\u00fchmte sich, die erste 5G-Firma zu sein, die in 150 verschiedenen Orten 5G im Einsatz h\u00e4tte.<\/p>\n<p>Die Wirklichkeit sieht anders aus. Wie in meinem Beitrag zum 5G im Kanton Genf bereits n\u00e4her ausgef\u00fchrt, wurde 5G in der Schweiz blockiert, was die vollmundigen Versprechungen der Schweizer Kommunikationsfirmen ins Leere laufen lie\u00df. Die wussten sich nicht anders zu behelfen, als die Software f\u00fcr das derzeit bestehende Kommunikationsnetzwerk so zu ver\u00e4ndern, dass man es als \u201esuperschnelles 5G\u201c verkaufen konnte, obwohl der Geschwindigkeitsunterschied zum alten 4G nur minimal ist. Auf diese Art und Weise gibt es jetzt 5G in der gesamten Schweiz. Einfach nur toll!<\/p>\n<p>Dabei br\u00e4uchte es f\u00fcr das echte und gewollte 5G mindestens viermal mehr Antennen und technisches Zubeh\u00f6r oder aber, um das zus\u00e4tzliche Aufstellen von weiteren Antennen zu vermeiden oder zumindest einzuschr\u00e4nken, eine Erh\u00f6hung der Strahlenwerte um den besagten Faktor von 12,4.<\/p>\n<p>Und weil die heutigen Grenzwerte f\u00fcr die nicht-ionisierende Strahlung in der Schweiz (noch) Bestand haben und das Aufstellen von weiteren 20.000 Antennen die entsprechende Anzahl an Einw\u00e4nden aus allen Teilen der Bev\u00f6lkerung nach sich ziehen w\u00fcrde, fangen die Gesch\u00e4ftsf\u00fchrer der Kommunikationsfirmen in der Schweiz an zu jammern, dass die Schweiz in Sachen 5G weltweit das Schlusslicht sei, und dass dies ein Skandal w\u00e4re.<\/p>\n<p>Und weil sie wissen, dass dieses Argument an L\u00e4cherlichkeit kaum zu \u00fcbertreffen ist (was hat der normale Schweizer B\u00fcrger davon, wenn die Schweiz Spitzenreiter weltweit in 5G w\u00e4re?), greifen die Kommunikationschefs noch tiefer in die Trickkiste.<\/p>\n<h2>5G ist unbedenklich &#8211; angeblich<\/h2>\n<p>Seit meinem Beitrag vom Juni 2019 (180 Wissenschaftler aus 36 L\u00e4ndern fordern einen Stopp von 5G) scheint sich einiges getan zu haben. Denn inzwischen ist die Zahl auf 240 Wissenschaftler aus 40 L\u00e4ndern angewachsen, die genau eben dies einfordern <a href=\"https:\/\/emfscientist.org\/index.php\/emf-scientist-appeal\" target=\"_blank\" rel=\"noopener\">(Link zum Beitrag)<\/a>. Und die Zahl der Studien zu den m\u00f6glichen \u201eNebenwirkungen\u201c der f\u00fcr den Handybetrieb notwendigen Strahlung liegt inzwischen bei rund 10.000.<\/p>\n<p>Um diesen massiven Balken im Auge der \u201eStrahlen-Leugner\u201c der Kommunikationsindustrie zu \u00fcbersehen, behaupten deren Gesch\u00e4ftsf\u00fchrer, wie der bereits genannte Urs Schaeppi von der Swisscom, dass die Schweiz geringere Grenzwerte habe als die WHO sie vorsieht. Oder mit anderen Worten: Ging es nach den Vorgaben der WHO, dann k\u00f6nnte die Schweiz ruhig die Grenzwerte erh\u00f6hen.<\/p>\n<p>Auch hier muss wieder ein fieser Trick herhalten, um die Realit\u00e4t zu kaschieren. Laut Angabe der Webseite von \u201eSchutz-vor-Strahlung.ch\u201c <a href=\"https:\/\/schutz-vor-strahlung.ch\/news\/falsche-behauptungen-und-richtige-antworten\/\" target=\"_blank\" rel=\"noopener\">(Link zum Beitrag)<\/a> sind die Grenzwerte in der Schweiz praktisch identisch mit denen anderer europ\u00e4ischer L\u00e4nder, auch zum Beispiel mit Deutschland. Dieser Grenzwert liegt bei 61 V\/m.<\/p>\n<p>Wo es einen Unterschied gibt, das sind zus\u00e4tzliche sogenannte Schweiz-spezifische \u201eAnlagegrenzwerte\u201c, die f\u00fcr \u201eOMEN\u201c gelten. Dieses Akronym steht f\u00fcr \u201eOrte mit empfindlicher Nutzung\u201c, wie zum Beispiel Schlafzimmer, Schulen, Kinderg\u00e4rten und so weiter. Hier hat die Schweiz beschlossen, die Grenzwerte auf nur 6 V\/m herabzusetzen. Dazu muss beachtet werden, dass dieser Anlagegrenzwert nur f\u00fcr Innenr\u00e4ume gilt (wer schl\u00e4ft schon im Freien? Schulunterricht im Freien ist auch nur im Sommer eine Gaudi).<\/p>\n<p>Um eine Grenzwerterh\u00f6hung heraus zu tricksen bezieht sich die Schweizer Kommunikationsindustrie auf diese Anlagegrenzwerte, die nur ein Zehntel der \u00fcblichen Grenzwerte ausmachen und macht Innenr\u00e4ume zu Au\u00dfenr\u00e4umen, als wenn es den allgemeinen Grenzwert von 61 V\/m nicht g\u00e4be.<\/p>\n<p>Und sie vergessen zudem zu erw\u00e4hnen, dass sogar der Pate f\u00fcr ihre Argumentation, die WHO, diese Form der Strahlung als \u201em\u00f6glicherweise krebserzeugend\u201c eingeordnet hatte, und das ganz offiziell <a href=\"https:\/\/www.who.int\/news-room\/fact-sheets\/detail\/electromagnetic-fields-and-public-health-mobile-phones\" target=\"_blank\" rel=\"noopener\">(Link zum Beitrag)<\/a>: \u201e<em>The electromagnetic fields produced by mobile phones are classified by the International Agency for Research on Cancer as <strong>possibly carcinogenic<\/strong> to humans.<\/em>\u201c<\/p>\n<h2>Fazit<\/h2>\n<p>5G in der Schweiz hat es schwer. Auf Seiten der Bev\u00f6lkerung und auf Seiten der Wissenschaft gibt es immer mehr Einw\u00e4nde und Bef\u00fcrchtungen gegen eine Ausweitung von 5G. Die stolze Zahl von 10.000 wissenschaftlichen Arbeiten, die sich mit diesem Thema besch\u00e4ftigt haben, sollte langsam ausreichen, 5G an die Wand zu nageln.<\/p>\n<p>Denn wenn unsere Regierungen so unendlich um unsere Gesundheit bem\u00fcht sind, wie sie in den \u00c4u\u00dferungen zu Corona und den damit verbundenen Ma\u00dfnahmen immer wieder beteuern, dann sollte es ein Leichtes sein, 5G aus eben diesen Gesundheitsgr\u00fcnden in die Tonne zu stampfen.<\/p>\n<p><strong>\u00dcbrigens: Wenn Sie solche Informationen interessieren, dann fordern Sie unbedingt meinen Praxis-Newsletter mit den &#8222;5 Wundermitteln&#8220; an:<\/strong><br \/>\n<script type=\"text\/javascript\" src=\"https:\/\/rene-graeber.de\/view_webform_v2.js?u=v9&#038;webforms_id=pD2TS\"><\/script><\/p>\n<p>Kleine Anmerkung: Die Sache mit den &#8222;5 Wundermitteln&#8220; ist mit Abstand der beliebteste Newsletter, den meine Patienten gerne lesen&#8230;<\/p>\n<p>Beitragsbild: 123rf.com &#8211; Monika Wisniewska<br \/>\nDieser Beitrag wurde am 22.02.2021 erstellt.<\/p>\n","protected":false},"excerpt":{"rendered":"<p>Im \u201eCorona-Tumult\u201c scheint die Diskussion um die Installation von 5G ein wenig in den Hintergrund ger\u00fcckt zu sein. Zuvor hatte ich einige Beitr\u00e4ge geliefert, die gezeigt haben, dass die Installation von 5G m\u00f6glicherweise bis sehr wahrscheinlich mit negativen Auswirkungen f\u00fcr die Gesundheit der Bev\u00f6lkerung, die dieser Strahlung ausgesetzt sein wird, verbunden ist. \u00c4rzte fordern Baustopp [&hellip;]<\/p>\n","protected":false},"author":19,"featured_media":3159,"comment_status":"open","ping_status":"open","sticky":false,"template":"","format":"standard","meta":{"_lmt_disableupdate":"","_lmt_disable":"","footnotes":""},"categories":[1],"tags":[369,370,371],"class_list":["post-4088","post","type-post","status-publish","format-standard","has-post-thumbnail","hentry","category-allgemein","tag-5g","tag-gesundheit","tag-strahlung"],"modified_by":null,"_links":{"self":[{"href":"https:\/\/naturheilt.com\/blog\/wp-json\/wp\/v2\/posts\/4088","targetHints":{"allow":["GET"]}}],"collection":[{"href":"https:\/\/naturheilt.com\/blog\/wp-json\/wp\/v2\/posts"}],"about":[{"href":"https:\/\/naturheilt.com\/blog\/wp-json\/wp\/v2\/types\/post"}],"author":[{"embeddable":true,"href":"https:\/\/naturheilt.com\/blog\/wp-json\/wp\/v2\/users\/19"}],"replies":[{"embeddable":true,"href":"https:\/\/naturheilt.com\/blog\/wp-json\/wp\/v2\/comments?post=4088"}],"version-history":[{"count":0,"href":"https:\/\/naturheilt.com\/blog\/wp-json\/wp\/v2\/posts\/4088\/revisions"}],"wp:featuredmedia":[{"embeddable":true,"href":"https:\/\/naturheilt.com\/blog\/wp-json\/wp\/v2\/media\/3159"}],"wp:attachment":[{"href":"https:\/\/naturheilt.com\/blog\/wp-json\/wp\/v2\/media?parent=4088"}],"wp:term":[{"taxonomy":"category","embeddable":true,"href":"https:\/\/naturheilt.com\/blog\/wp-json\/wp\/v2\/categories?post=4088"},{"taxonomy":"post_tag","embeddable":true,"href":"https:\/\/naturheilt.com\/blog\/wp-json\/wp\/v2\/tags?post=4088"}],"curies":[{"name":"wp","href":"https:\/\/api.w.org\/{rel}","templated":true}]}}