{"id":39,"date":"2009-02-01T21:15:30","date_gmt":"2009-02-01T19:15:30","guid":{"rendered":"https:\/\/naturheilt.com\/blog\/?p=39"},"modified":"2025-10-22T09:33:49","modified_gmt":"2025-10-22T07:33:49","slug":"blasenentzundung-und-antibiotika","status":"publish","type":"post","link":"https:\/\/naturheilt.com\/blog\/blasenentzundung-und-antibiotika\/","title":{"rendered":"Blasenentz\u00fcndung: Liegt es wirklich an der k\u00fcrzeren Harnr\u00f6hre dass Frauen betroffen sind?"},"content":{"rendered":"<p>In meinem Artikel zu <a href=\"http:\/\/www.naturheilt.com\/Inhalt\/Antibio.htm\" target=\"_blank\" rel=\"noopener noreferrer\">Antibiotika<\/a> und zu <a href=\"http:\/\/www.naturheilt.com\/Inhalt\/Blasenentzuendung.htm\" target=\"_blank\" rel=\"noopener noreferrer\">Blasenentz\u00fcndung<\/a> fordere ich meine Leser auf mir folgende Frage zu beantworten:<\/p>\n<p><!--more--><br \/>\nWenn Bakterien wie Escherichia Coli f\u00fcr Blasenentz\u00fcndungen verantwortlich sein sollen&#8230; &#8211; und wenn Frauen h\u00e4ufiger Blasenentz\u00fcndungen haben sollen, weil ihre Harnr\u00f6hre k\u00fcrzer ist als beim Mann &#8230;<\/p>\n<p><strong>Warum haben dann S\u00e4uglinge die eine Windel tragen so selten eine Blasenentz\u00fcndung?<\/strong><\/p>\n<p>Schlie\u00dflich liegen die ja in ihrem eigenen Kot, in dem es vor diesen Bakterien nur so wimmelt?<\/p>\n<p>Wenn Sie eine Antwort hinterlassen m\u00f6chten, k\u00f6nnen Sie dies hier unten im Kommentar tun&#8230;<\/p>\n<p>Vielleicht fragen Sie das n\u00e4chste mal auch Ihren Arzt! Ich bin gespannt auf die Antworten!<\/p>\n<p><strong>\u00dcbrigens: Wenn Sie solche Informationen interessieren, dann fordern Sie unbedingt meinen kostenlosen Praxis-Newsletter dazu an:<\/strong><br \/>\n<script type=\"text\/javascript\" src=\"https:\/\/rene-graeber.de\/view_webform_v2.js?u=v9&#038;webforms_id=pDDkW\"><\/script><\/p>\n<hr \/>\n<p>Beitragsbild: pixabay.com &#8211; chriskeller<\/p>\n","protected":false},"excerpt":{"rendered":"<p>In meinem Artikel zu Antibiotika und zu Blasenentz\u00fcndung fordere ich meine Leser auf mir folgende Frage zu beantworten:<\/p>\n","protected":false},"author":19,"featured_media":5350,"comment_status":"open","ping_status":"open","sticky":false,"template":"","format":"standard","meta":{"_lmt_disableupdate":"no","_lmt_disable":"no","footnotes":""},"categories":[3],"tags":[44,45],"class_list":["post-39","post","type-post","status-publish","format-standard","has-post-thumbnail","hentry","category-krankheiten","tag-antibiotika","tag-blasenentzundung"],"modified_by":"Ren\u00e9 Gr\u00e4ber","_links":{"self":[{"href":"https:\/\/naturheilt.com\/blog\/wp-json\/wp\/v2\/posts\/39","targetHints":{"allow":["GET"]}}],"collection":[{"href":"https:\/\/naturheilt.com\/blog\/wp-json\/wp\/v2\/posts"}],"about":[{"href":"https:\/\/naturheilt.com\/blog\/wp-json\/wp\/v2\/types\/post"}],"author":[{"embeddable":true,"href":"https:\/\/naturheilt.com\/blog\/wp-json\/wp\/v2\/users\/19"}],"replies":[{"embeddable":true,"href":"https:\/\/naturheilt.com\/blog\/wp-json\/wp\/v2\/comments?post=39"}],"version-history":[{"count":2,"href":"https:\/\/naturheilt.com\/blog\/wp-json\/wp\/v2\/posts\/39\/revisions"}],"predecessor-version":[{"id":6790,"href":"https:\/\/naturheilt.com\/blog\/wp-json\/wp\/v2\/posts\/39\/revisions\/6790"}],"wp:featuredmedia":[{"embeddable":true,"href":"https:\/\/naturheilt.com\/blog\/wp-json\/wp\/v2\/media\/5350"}],"wp:attachment":[{"href":"https:\/\/naturheilt.com\/blog\/wp-json\/wp\/v2\/media?parent=39"}],"wp:term":[{"taxonomy":"category","embeddable":true,"href":"https:\/\/naturheilt.com\/blog\/wp-json\/wp\/v2\/categories?post=39"},{"taxonomy":"post_tag","embeddable":true,"href":"https:\/\/naturheilt.com\/blog\/wp-json\/wp\/v2\/tags?post=39"}],"curies":[{"name":"wp","href":"https:\/\/api.w.org\/{rel}","templated":true}]}}