{"id":3384,"date":"2020-03-24T22:14:02","date_gmt":"2020-03-24T20:14:02","guid":{"rendered":"https:\/\/naturheilt.com\/blog\/?p=3384"},"modified":"2023-06-09T10:31:31","modified_gmt":"2023-06-09T08:31:31","slug":"ibuprofen-fieber-corona","status":"publish","type":"post","link":"https:\/\/naturheilt.com\/blog\/ibuprofen-fieber-corona\/","title":{"rendered":"Ibuprofen, Fieber und Corona &#8211; Man muss (schon wieder) mal genau zuh\u00f6ren&#8230;"},"content":{"rendered":"<p>Unl\u00e4ngst gab es auf WhatsApp eine Sprachnachricht, die quasi als Kettenbrief die Runde machte. Hier war die Rede davon, dass an Covid-19 Erkrankte bei gleichzeitiger Einnahme von Ibuprofen eine Verschlechterung der Symptome erfuhren bis hin zu Todesf\u00e4llen, die auf die Gabe von Ibuprofen zur\u00fcckgef\u00fchrt wurden.<\/p>\n<p>Mich wundert es \u00fcberhaupt nicht, dass seitens einiger &#8222;gro\u00dfer&#8220; Medien diese Nachricht ziemlich rasch als \u201eFake\u201c und \u201ePanikmache\u201c betitelt wurde. Die &#8222;Panikmache&#8220; bezieht sich nat\u00fcrlich nicht auf Covid-19 (Corona), sondern auf den Verdacht, dass Ibuprofen hier mehr Schaden als Nutzen anrichten k\u00f6nnte.<\/p>\n<p>Ist es wirklich so einfach, solche Meldungen, auch wenn sie in einem etwas ungew\u00f6hnlichen Format verbreitet werden, einfach als Panikmache abzutun?<\/p>\n<p>Gibt es wirklich Hinweise, dass Ibuprofen hier die geschilderten nachteiligen Auswirkungen hat?<\/p>\n<p><!--more--><\/p>\n<h2>\u00dcber den Zweifel und den Zweifel am Zweifel<\/h2>\n<p>Selbstverst\u00e4ndlich gibt es keine Untersuchungen, Studien etc., die einen Zusammenhang zwischen Ibuprofen und Covid-19 untersucht h\u00e4tten. Dies ist in der K\u00fcrze der Zeit \u00fcberhaupt nicht m\u00f6glich. Das Fehlen von solchen Studien hei\u00dft allerdings nicht, dass ein solcher Zusammenhang \u00fcberhaupt nicht m\u00f6glich w\u00e4re.<\/p>\n<p>Die Mainstream-Medien und Schulmedizin verwechseln wieder einmal, dass das Fehlen von nachgewiesenen Zusammenh\u00e4ngen auf dem Fehlen von Studien beruht und nicht auf einem wissenschaftlich best\u00e4tigtem Fehlen von diesen Zusammenh\u00e4ngen.<\/p>\n<p>So kann man im \u201eExpress.de\u201c<a href=\"#_ftn1\" name=\"_ftnref1\">[1]<\/a> lesen, dass diese Empfehlung urspr\u00fcnglich von der WHO kam, dann aber zur\u00fcckgezogen wurde, da es \u201e<em>keine Hinweise auf negative Ibuprofen-Konsequenzen bei Covid-19-Patienten gebe<\/em>\u201c.<\/p>\n<p>In der \u201eNew York Times\u201c<a href=\"#_ftn2\" name=\"_ftnref2\">[2]<\/a> dagegen wird berichtet, dass diese Meldung vom franz\u00f6sischen Gesundheitsminister stammt. Von wem denn jetzt? Oder ist der franz\u00f6sische Gesundheitsminister jetzt auch Sprecher der WHO?<\/p>\n<p>Man sieht, dass die Spekulationsm\u00fchle auf vollen Touren l\u00e4uft. Gleichzeitig gilt es die Geister, die man rief, im Zaum zu halten. Denn diese angeblich zweifelhafte Nachricht enth\u00e4lt durchaus einen gewaltigen Kern an Wahrheit.<\/p>\n<p>Und dieser Kern an Wahrheit, sofern man sich ihn zu Herzen nimmt, ist nicht sehr gesch\u00e4ftsf\u00f6rdernd. Aber das wollte man ja mit der \u201eHyper-Covid\u00e4mie\u201c nicht erreichen.<\/p>\n<p><strong>\u00dcbrigens: Wenn Sie solche Informationen interessieren, dann fordern Sie unbedingt meinen kostenlosen Praxis-Newsletter &#8222;Unabh\u00e4ngig. Nat\u00fcrlich. Klare Kante.&#8220; dazu an:<\/strong><br \/>\n<script type=\"text\/javascript\" src=\"https:\/\/rene-graeber.de\/view_webform_v2.js?u=v9&#038;webforms_id=pL1KE\"><\/script><\/p>\n<h2>Warum Ibuprofen keine gute Wahl ist<\/h2>\n<p>Ob Ibuprofen wirklich in der Lage ist, die ACE-Rezeptoren, \u00fcber die das Virus sich Eintritt in die Zellen verschafft, zu vermehren, ist auch eine dieser Spekulationen, wie mir scheint. Wenn man sich aber das neben Wirkungsspektrum von Ibuprofen, unabh\u00e4ngig von welcher Erkrankung auch immer, anschaut, dann wird einem schnell klar, dass hier besondere Vorsicht geboten ist.<\/p>\n<p>Hier halte ich Drugs.com<a href=\"#_ftn3\" name=\"_ftnref3\">[3]<\/a> f\u00fcr eine zuverl\u00e4ssige Quelle.<\/p>\n<h4>Hier sehen wir bei den Nebenwirkungen im Bereich der Atemwege folgendes:<\/h4>\n<ul>\n<li>Die Substanz scheint sehr h\u00e4ufig (zehn Prozent und h\u00e4ufiger) zu bakteriell verursachten Lungenentz\u00fcndungen zu f\u00fchren.<\/li>\n<li>Husten ist eine h\u00e4ufige (zwischen eins und zehn Prozent) Nebenwirkung.<\/li>\n<li>Bei einem persistierenden Ductus arteriosus sind die Nebenwirkungen noch gravierender. Hier haben wir 28 Prozent Atemstillstand, Atemwegsinfektionen mit 19 Prozent und Ateminsuffizienz mit zehn Prozent. Diese Erkrankung gilt als \u201eangeborener Herzfehler\u201c und ist gl\u00fccklicherweise nicht so h\u00e4ufig.<\/li>\n<\/ul>\n<p>Diese Aufz\u00e4hlung l\u00e4sst \u201eerahnen\u201c, dass Ibuprofen bei einer Belastung der Lunge durch eine Infektion die Belastung weiter erh\u00f6ht, was im schlimmsten Fall zu massiven Symptomen bis hin zu Todesf\u00e4llen f\u00fchren kann.<\/p>\n<h2>Warum &#8222;Fiebersenker&#8220; generell keine gute Wahl sind<\/h2>\n<p>In meinem Beitrag: <a href=\"https:\/\/www.naturheilt.com\/Inhalt\/Fieber.htm\">Fieber ist keine Krankheit!<\/a>, begr\u00fcnde ich ausf\u00fchrlich, warum Fieber &#8222;nur&#8220; ein Symptom ist und im Wesentlichen auch eine Heilreaktion. Fieber ist der \u201e\u00d6lstandmesser\u201c f\u00fcr die Aktivierung des Immunsystems im Falle zahlreicher Infektionen. Von daher sollte man dankbar sein, dass es Fieber gibt, auch wenn das pers\u00f6nliche Wohlbefinden unter Fieber wenig Grund zur Freude gibt.<\/p>\n<p>Von daher sehe ich die wirklich problematische Seite von Ibuprofen in der Unterdr\u00fcckung des Fiebers. Das wiederum ist keine spezifische Eigenschaft f\u00fcr Ibuprofen, sondern gilt auch f\u00fcr alle anderen fiebersenkende Mittel. Von daher ist der Rat, den die WHO laut \u201eExpress.de\u201c (siehe oben) gegeben haben soll, statt Ibuprofen Paracetamol zu nehmen, ein weiterer Grund, an der Kompetenz der WHO zu zweifeln.<\/p>\n<p><a href=\"https:\/\/www.naturheilt.com\/paracetamol\/\">Paracetamol<\/a> gilt als eine Substanz, die heute, wenn sie noch einmal zugelassen werden m\u00fcsste, aufgrund der lebersch\u00e4digenden Eigenschaften nicht mehr zugelassen w\u00fcrde.<\/p>\n<p>Und man scheint sich auch nicht bewusst zu sein, dass mit der Unterdr\u00fcckung des Fiebers:<\/p>\n<ol>\n<li>die Milieubedingungen f\u00fcr Viren und Bakterien verbessert werden, da diese in der Regel sich bei 37 Grad, also K\u00f6rpertemperatur, am wohlsten f\u00fchlen.<\/li>\n<li>dass das Immunsystem bei einer erh\u00f6hten K\u00f6rpertemperatur aktiver werden, quasi in den Turbo-Modus wechseln und somit die Infektionen besser bek\u00e4mpfen kann.<\/li>\n<\/ol>\n<p>Patienten mit einer fulminanten Atemwegsinfektion werden mit dieser Ma\u00dfnahme nicht selten in Bedr\u00e4ngnis gebracht, da ihnen mit dieser Ma\u00dfnahme der einzige Schutz entzogen wird, der bei der Infektion noch wirksam ist.<\/p>\n<p>Als Ersatz werden dann antivirale Medikamente eingesetzt, die sich in erster Linie durch ein hohes Ma\u00df an schweren Nebenwirkungen auszeichnen. Von daher gibt es immer wieder Berichte, die meinen, dass eine solche Therapie mehr Todesopfer fordert als die Infektion, gegen die man vorgehen m\u00f6chte.<\/p>\n<p><strong>\u00dcbrigens: Wenn Sie solche Informationen interessieren, dann fordern Sie unbedingt meinen kostenlosen Praxis-Newsletter dazu an:<\/strong><br \/>\n<script type=\"text\/javascript\" src=\"https:\/\/rene-graeber.de\/view_webform_v2.js?u=v9&#038;webforms_id=pDDkW\"><\/script><\/p>\n<h2>Ibuprofen, Covid-19 und ein paar \u00dcberraschungen<\/h2>\n<p>Im Gegensatz zur WHO scheint es Medien zu geben, die diese Problematik ernsthaft diskutieren &#8211; zu meiner gro\u00dfen \u00dcberraschung.<\/p>\n<p>Die Webseite der BBC<a href=\"#_ftn4\" name=\"_ftnref4\">[4]<\/a> zitiert hier einen Professor f\u00fcr medizinische Grundversorgung von der Universit\u00e4t von Southampton. Professor Little gibt hier zu bedenken, dass es wissenschaftliche Untersuchungen gibt, die sich auf andere Atemwegsinfektionen beziehen. Und hier hatte sich gezeigt, dass Ibuprofen bei diesen Atemwegsinfektionen zu mehr Komplikationen f\u00fchrt und schwerere Krankheitsverl\u00e4ufe provoziert.<\/p>\n<p>F\u00fcr ihn scheint zwar nicht die fiebersenkende Komponente ausschlaggebend zu sein, sondern die entz\u00fcndungshemmende Eigenschaft der Substanz, die das Immunsystem bremst.<\/p>\n<p>Ein weiterer Professor von der Universit\u00e4t von Reading best\u00e4tigt diese Aussagen. Allerdings sagt diese Professorin dann, dass sie noch keinen 25-j\u00e4hrigen komplett gesunden Menschen gesehen hat, der durch Ibuprofen zur Behandlung von Covid-19-Symptomen Schaden erlitten h\u00e4tte.<\/p>\n<p>Sehr wahrscheinlich gibt es auch nicht viele gesunde 25-j\u00e4hrige, die von Covid-19-Symptomen geplagt werden. Diese Diskussion ist wichtiger f\u00fcr die \u00fcberwiegende Zahl der Patienten, die starke Symptome zeigen. Und das sind nicht die 25-J\u00e4hrigen, sondern Menschen mit chronischen\/schweren Grunderkrankungen. Mehr zu diesen Zahlen gibt es hier: <a href=\"https:\/\/naturheilt.com\/blog\/covid19-grippe-italien\/\">Die eigenartigen COVID 19 Zahlen aus Italien &#8211; Was stimmt hier nicht?<\/a><\/p>\n<p>Eine weitere Zeitung, die diesbez\u00fcglich \u00dcberraschendes zu vermelden hat, ist die weiter oben erw\u00e4hnte \u201eNew York Times\u201c.<\/p>\n<p>Hier wird dann zwar mitgeteilt, dass irgendeine Schulmedizinerin in typischer Manier berichtet, dass es keine Daten zu dem Thema Ibuprofen und Covid-19 gibt. Und dass man deshalb nicht glauben soll, dass infizierte Patienten den zeitweiligen Einsatz von Ibuprofen meiden sollten.<\/p>\n<p>Danach die etwas bessere Meldung. Hier sagt der Beitrag, dass die Spezialisten f\u00fcr Infektionserkrankungen Vorbehalte gegen Paracetamol und nichtsteroidale Antirheumatika (Cyclooxygenase-Hemmer, zu denen auch Vioxx geh\u00f6rte) haben. Der Grund hierf\u00fcr liegt in der Fiebersenkung, die nat\u00fcrlich f\u00fcr die Patienten vom Wohlbefinden angenehmer ist. Aber, so geben sie zu bedenken, dass eine herabgesetzte K\u00f6rpertemperatur einen \u201e<em>Kurzschluss bei der wichtigsten Abwehrwaffe des K\u00f6rpers gegen Infektionen<\/em>\u201c bewirkt.<\/p>\n<p>Der Bericht spricht dann weiter von Studien, die gezeigt h\u00e4tten, dass die Fiebersenkung bei infizierten Patienten mithilfe von Cyclooxygenase-Hemmern oder Paracetamol dazu gef\u00fchrt hatte, dass die Symptome l\u00e4nger anhielten und das die Aussonderung von Viren ebenfalls l\u00e4nger andauerte. Damit w\u00e4ren solche Patienten l\u00e4nger in der Lage, ihre Infektion an andere weiter zu reichen.<\/p>\n<p>Und da die Kommentare in diesem Bericht davon ausgehen, dass selbiges auch f\u00fcr eine Infektion mit Covid-19 gilt, scheint man sich hier einig zu sein, den Rat zu geben, im Falle einer solchen Infektion auf fiebersenkende Mittel, gleich welcher Art, zu verzichten.<\/p>\n<p>Damit h\u00e4tte die Pandemie um die Hyper-Covid\u00e4mie zu einem kleinen Wunder gef\u00fchrt: Die Anerkennung des Fiebers als eine Form der Selbstheilung. Und der gleichzeitige Verzicht auf fiebersenkende Mittel, um diese Selbstheilungskr\u00e4fte nicht zu zerst\u00f6ren.<\/p>\n<h2>Fazit<\/h2>\n<p>Wie sch\u00f6n, dass ich das noch erleben durfte! Es gibt sie also noch: Lichtblicke.<\/p>\n<p><strong>\u00dcbrigens: Wenn Sie solche Informationen interessieren, dann fordern Sie unbedingt meinen Praxis-Newsletter mit den &#8222;5 Wundermitteln&#8220; an:<\/strong><br \/>\n<script type=\"text\/javascript\" src=\"https:\/\/rene-graeber.de\/view_webform_v2.js?u=v9&#038;webforms_id=pD2TS\"><\/script><\/p>\n<p>Kleine Anmerkung: Die Sache mit den &#8222;5 Wundermitteln&#8220; ist mit Abstand der beliebteste Newsletter, den meine Patienten gerne lesen&#8230;<\/p>\n<p><strong>Quellen:<\/strong><\/p>\n<ul>\n<li><a href=\"#_ftnref1\" name=\"_ftn1\">[1]<\/a><a href=\"https:\/\/www.express.de\/ratgeber\/gesundheit\/nach-fake-news-zum-coronavirus-ibuprofen-schaedlich--who-rudert-zurueck-36414356\" target=\"_blank\" rel=\"noopener\">\u00a0\u00a0\u00a0\u00a0 Ibuprofen-Nutzung: WHO mit neuem Rat | Express.de<\/a><\/li>\n<li><a href=\"#_ftnref2\" name=\"_ftn2\">[2]<\/a><a href=\"https:\/\/www.nytimes.com\/2020\/03\/17\/health\/coronavirus-ibuprofen.html\" target=\"_blank\" rel=\"noopener\">\u00a0\u00a0\u00a0\u00a0 Is Ibuprofen Really Risky for Coronavirus Patients? &#8211; The New York Times<\/a><\/li>\n<li><a href=\"#_ftnref3\" name=\"_ftn3\">[3]<\/a><a href=\"https:\/\/www.drugs.com\/sfx\/ibuprofen-side-effects.html\" target=\"_blank\" rel=\"noopener\">\u00a0\u00a0\u00a0\u00a0 Ibuprofen Side Effects: Common, Severe, Long Term &#8211; Drugs.com<\/a><\/li>\n<li><a href=\"#_ftnref4\" name=\"_ftn4\">[4]<\/a><a href=\"https:\/\/www.bbc.com\/news\/51929628\" target=\"_blank\" rel=\"noopener\">\u00a0\u00a0\u00a0\u00a0 Coronavirus and ibuprofen: Separating fact from fiction &#8211; BBC News<\/a><\/li>\n<li>Beitragsbild: fotolia.com &#8211; ladysuzy<\/li>\n<\/ul>\n","protected":false},"excerpt":{"rendered":"<p>Unl\u00e4ngst gab es auf WhatsApp eine Sprachnachricht, die quasi als Kettenbrief die Runde machte. Hier war die Rede davon, dass an Covid-19 Erkrankte bei gleichzeitiger Einnahme von Ibuprofen eine Verschlechterung der Symptome erfuhren bis hin zu Todesf\u00e4llen, die auf die Gabe von Ibuprofen zur\u00fcckgef\u00fchrt wurden. Mich wundert es \u00fcberhaupt nicht, dass seitens einiger &#8222;gro\u00dfer&#8220; Medien [&hellip;]<\/p>\n","protected":false},"author":19,"featured_media":3386,"comment_status":"open","ping_status":"open","sticky":false,"template":"","format":"standard","meta":{"_lmt_disableupdate":"","_lmt_disable":"","footnotes":""},"categories":[3,54,4],"tags":[62,345,103],"class_list":["post-3384","post","type-post","status-publish","format-standard","has-post-thumbnail","hentry","category-krankheiten","category-medikamente","category-symptome","tag-grippe","tag-paracetamol","tag-schmerzmittel"],"modified_by":"L.M.","_links":{"self":[{"href":"https:\/\/naturheilt.com\/blog\/wp-json\/wp\/v2\/posts\/3384","targetHints":{"allow":["GET"]}}],"collection":[{"href":"https:\/\/naturheilt.com\/blog\/wp-json\/wp\/v2\/posts"}],"about":[{"href":"https:\/\/naturheilt.com\/blog\/wp-json\/wp\/v2\/types\/post"}],"author":[{"embeddable":true,"href":"https:\/\/naturheilt.com\/blog\/wp-json\/wp\/v2\/users\/19"}],"replies":[{"embeddable":true,"href":"https:\/\/naturheilt.com\/blog\/wp-json\/wp\/v2\/comments?post=3384"}],"version-history":[{"count":0,"href":"https:\/\/naturheilt.com\/blog\/wp-json\/wp\/v2\/posts\/3384\/revisions"}],"wp:featuredmedia":[{"embeddable":true,"href":"https:\/\/naturheilt.com\/blog\/wp-json\/wp\/v2\/media\/3386"}],"wp:attachment":[{"href":"https:\/\/naturheilt.com\/blog\/wp-json\/wp\/v2\/media?parent=3384"}],"wp:term":[{"taxonomy":"category","embeddable":true,"href":"https:\/\/naturheilt.com\/blog\/wp-json\/wp\/v2\/categories?post=3384"},{"taxonomy":"post_tag","embeddable":true,"href":"https:\/\/naturheilt.com\/blog\/wp-json\/wp\/v2\/tags?post=3384"}],"curies":[{"name":"wp","href":"https:\/\/api.w.org\/{rel}","templated":true}]}}