{"id":33,"date":"2009-01-08T10:51:54","date_gmt":"2009-01-08T08:51:54","guid":{"rendered":"https:\/\/naturheilt.com\/blog\/?p=33"},"modified":"2023-09-26T21:10:57","modified_gmt":"2023-09-26T19:10:57","slug":"bestechung-korruption-nobelpreis-medizin-200","status":"publish","type":"post","link":"https:\/\/naturheilt.com\/blog\/bestechung-korruption-nobelpreis-medizin-200\/","title":{"rendered":"Bestechung und Korruption im Fall des Nobelpreises f\u00fcr Medizin 2008?"},"content":{"rendered":"<p>Seit ich mich eingehender mit den pharmazeutischen Medikamenten und Verfahren besch\u00e4ftige, desto gr\u00f6\u00dfer wird anscheinend der &#8222;Sumpf&#8220;&#8230;<\/p>\n<p>Nach der ZDF Info Sendung der Redaktion Frontal21 (ich berichtete im Artikel: <a href=\"https:\/\/naturheilt.com\/blog\/die-pharmaindustrie-wie-wir-patienten-belogen-werden\/\" target=\"_blank\" rel=\"noopener\">Die Pharmaindustrie<\/a>), dachte ich, es k\u00f6nne wohl nicht mehr schlimmer kommen.<\/p>\n<p>An Sylvester 2007 las ich einen Bericht u.a. in der Z\u00fcricher Neuen Zeitung:<br \/>\n<!--more--><br \/>\nAm Vorabend der allj\u00e4hrlichen Verleihung des Medizinnobelpreises ersch\u00fctterte eine Nachricht zun\u00e4chst die H\u00f6rer des schwedischen Radios und dann den Rest der Welt.<\/p>\n<p>Die schwedische Oberstaatsanwaltschaft, welche zur &#8222;Reichseinheit f\u00fcr Korruption&#8220; geh\u00f6rt, pr\u00fcft, ob eine Untersuchung gegen die Nobelstiftung eingeleitet werden soll.<\/p>\n<p>Der Oberstaatsanwalt <em>Christer von der Kwast<\/em> schlie\u00dft Verbindungen zwischen dem Pharmakonzern Astra Zeneca und Personen die in engem Bezug zur Nobelstiftung stehen nicht aus.<\/p>\n<p>Astra Zeneca besitzt\u00a0Patente f\u00fcr den Impfstoff (u.a. Gardasil), der die Infektion mit dem humanen Papillomvirus (HPV) verhindern soll. Dieses Virus ist\u00a0ist zum Teil\u00a0an der Entstehung des gef\u00fcrchteten Geb\u00e4rmutterkrebses beteiligt.<\/p>\n<p>Entdeckt hat dieses Virus, der deutsche Virologe <em>Harald zur Hausen<\/em> der f\u00fcr diese Entdeckung die H\u00e4lfte des diesj\u00e4hrigen Nobelpreises im Bereich Medizin bekam.<\/p>\n<p>Durch die &#8222;Honorierung&#8220; dieser Entdeckung k\u00f6nnten immer mehr L\u00e4nder die <a href=\"https:\/\/naturheilt.com\/blog\/impfung-gegen-gebarmutterhalskrebs-mehr-als-umstritten\/\" target=\"_blank\" rel=\"noopener\">Geb\u00e4rmutterhalskrebs-Impfung<\/a> (auch HPV-Impfung genannt), in ihre Impfvorsorgeprogramme aufnehmen. Dadurch w\u00fcrde der Pharmakonzern AstraZeneca profitieren, weil sich die Gewinne beim Verkauf des Impfstoffes erh\u00f6hen w\u00fcrden.<\/p>\n<p>Vermutlich als Folge des Nobelpreises wird die Verordnung der Impfstoffe nochmals in die H\u00f6he schnellen, was f\u00fcr AstraZeneca ein riesiges Gesch\u00e4ft bedeuten d\u00fcrfte.<\/p>\n<p>Wie der schwedische Radiosender Sveriges Radio (SR) recherchierte, geh\u00f6rt\u00a0Astra Zeneca zu den Hauptsponsoren zweier Tochtergesellschaften der Nobelstiftung. Die Nobel Media ist zust\u00e4ndig f\u00fcr die richtige Vermarktung der Medienrechte des Nobelpreises und kontrolliert deren Einhaltung.<\/p>\n<p>Des Weiteren unterst\u00fctzt\u00a0Astra Zeneca Presseberichten zufolge die <em>Nobel Web<\/em>, welche die Rechte im Internet &#8222;wahrt&#8220;.<\/p>\n<p>In welcher H\u00f6he die Unterst\u00fctzung angesiedelt ist, bleibt weiter geheim, da der Sponsoring-Vertrag bis jetzt nicht ver\u00f6ffentlicht wurde. Es wird jedoch davon ausgegangen, dass es sich dabei um mehrere Millionen handelt.<\/p>\n<p>Zugleich stehen laut SR mehrere Personen, die ma\u00dfgeblich an der Vergabe des Medizinnobelpreises beteiligt sind, auf der Lohnliste von Astra Zeneca, wie etwa: <em>Bo Anglin<\/em>, der bei Astra Zeneca als Verwaltungsrat angestellt ist.<\/p>\n<p>Gegen\u00fcber dem SR \u00e4u\u00dferte Bo Anglin, dass er sich nicht im Klaren dar\u00fcber gewesen sei, dass\u00a0Astra Zeneca Profit aus dem Umstand schlagen k\u00f6nnte, dass zu Dr. Dr. zur Hausen den Nobelpreis erh\u00e4lt&#8230;<\/p>\n<p>In jeder Satire-Show zu diesem Thema k\u00e4me jetzt der Kommentar: &#8222;Ja Klaaaaaar!&#8220; oder &#8222;Aber Siiiiicher doch!&#8220;<\/p>\n<p><strong>Vielleicht fragen Sie sich als Leser:<\/strong><\/p>\n<p>&#8222;Na, f\u00fcr eine gute Sache wird man auch mal ein bisschen nachhelfen d\u00fcrfen&#8230; und Sponsorengelder braucht das Nobelkommitee doch auch&#8230;&#8220;<\/p>\n<p>Ja, wenn es eine hundertprozentige &#8222;Gute Sache&#8220; w\u00e4re, w\u00fcrde ich hier vermutlich gar nicht schreiben und die Dinge auf sich beruhen lassen.<\/p>\n<p>Aber: Die Studienlage, die Effektivit\u00e4t des Impfstoffes (z.B. Gardasil und Cervarix) und die Umst\u00e4nde WIE es zur Markteinf\u00fchrung der Geb\u00e4rmutterhalskrebs-Impfung kam lassen mehr als aufhorchen&#8230;<\/p>\n<p>Monitor berichtete in einem Beitrag dar\u00fcber:<\/p>\n<p>(Den Link zum Video auf youtube musste ich wegen des Datenschutzes leider rausnehmen).<\/p>\n<p>Mehr dazu in meinen Beitr\u00e4gen:<\/p>\n<ul>\n<li><a href=\"http:\/\/www.naturheilt.com\/medikamentenskandal\/todesfaelle-impfung-gebaermutterhalskrebs.html\" target=\"_blank\" rel=\"noopener\">Todesf\u00e4lle nach Impfung gegen Geb\u00e4rmutterhalskrebs?<\/a><\/li>\n<li><a href=\"https:\/\/naturheilt.com\/blog\/impfung-gegen-gebarmutterhalskrebs-mehr-als-umstritten\/\" target=\"_blank\" rel=\"noopener\">Impfung gegen Geb\u00e4rmutterhalskrebs (Wirkung und Wirksamkeit des Impfstoffs\u00a0&#8211; Ursache von Geb\u00e4rmutterhalskrebs &#8211; Nutzen und Risikobeuteilung des Impfstoffs &#8211; Kritik)<\/a><\/li>\n<\/ul>\n<p>Und wer das alles nicht glaubt schaue sich bitte einmal die Reportage von Frontal21 (ZDF Sendung) zum Thema: &#8222;<a href=\"https:\/\/naturheilt.com\/blog\/die-pharmaindustrie-wie-wir-patienten-belogen-werden\/\">Das Pharmakartell<\/a>&#8220; an.<\/p>\n<p><strong>\u00dcbrigens: Wenn Sie solche Informationen interessieren, dann fordern Sie unbedingt meinen kostenlosen Praxis-Newsletter &#8222;Unabh\u00e4ngig. Nat\u00fcrlich. Klare Kante.&#8220; dazu an:<\/strong><br \/>\n<script type=\"text\/javascript\" src=\"https:\/\/rene-graeber.de\/view_webform_v2.js?u=v9&#038;webforms_id=pL1KE\"><\/script><\/p>\n<p>Beitragsbild: pixabay.com &#8211; fill<\/p>\n","protected":false},"excerpt":{"rendered":"<p>Seit ich mich eingehender mit den pharmazeutischen Medikamenten und Verfahren besch\u00e4ftige, desto gr\u00f6\u00dfer wird anscheinend der &#8222;Sumpf&#8220;&#8230; Nach der ZDF Info Sendung der Redaktion Frontal21 (ich berichtete im Artikel: Die Pharmaindustrie), dachte ich, es k\u00f6nne wohl nicht mehr schlimmer kommen. An Sylvester 2007 las ich einen Bericht u.a. in der Z\u00fcricher Neuen Zeitung:<\/p>\n","protected":false},"author":19,"featured_media":5359,"comment_status":"open","ping_status":"open","sticky":false,"template":"","format":"standard","meta":{"_lmt_disableupdate":"","_lmt_disable":"","footnotes":""},"categories":[28,27],"tags":[35,33,34,36],"class_list":["post-33","post","type-post","status-publish","format-standard","has-post-thumbnail","hentry","category-impfungen","category-krebs-krankheiten","tag-gardasil","tag-gebarmutterhalskrebs","tag-impfung","tag-nobelpreis"],"modified_by":null,"_links":{"self":[{"href":"https:\/\/naturheilt.com\/blog\/wp-json\/wp\/v2\/posts\/33","targetHints":{"allow":["GET"]}}],"collection":[{"href":"https:\/\/naturheilt.com\/blog\/wp-json\/wp\/v2\/posts"}],"about":[{"href":"https:\/\/naturheilt.com\/blog\/wp-json\/wp\/v2\/types\/post"}],"author":[{"embeddable":true,"href":"https:\/\/naturheilt.com\/blog\/wp-json\/wp\/v2\/users\/19"}],"replies":[{"embeddable":true,"href":"https:\/\/naturheilt.com\/blog\/wp-json\/wp\/v2\/comments?post=33"}],"version-history":[{"count":0,"href":"https:\/\/naturheilt.com\/blog\/wp-json\/wp\/v2\/posts\/33\/revisions"}],"wp:featuredmedia":[{"embeddable":true,"href":"https:\/\/naturheilt.com\/blog\/wp-json\/wp\/v2\/media\/5359"}],"wp:attachment":[{"href":"https:\/\/naturheilt.com\/blog\/wp-json\/wp\/v2\/media?parent=33"}],"wp:term":[{"taxonomy":"category","embeddable":true,"href":"https:\/\/naturheilt.com\/blog\/wp-json\/wp\/v2\/categories?post=33"},{"taxonomy":"post_tag","embeddable":true,"href":"https:\/\/naturheilt.com\/blog\/wp-json\/wp\/v2\/tags?post=33"}],"curies":[{"name":"wp","href":"https:\/\/api.w.org\/{rel}","templated":true}]}}