{"id":312,"date":"2022-08-07T08:18:08","date_gmt":"2022-08-07T06:18:08","guid":{"rendered":"https:\/\/naturheilt.com\/blog\/?p=312"},"modified":"2025-10-22T10:22:10","modified_gmt":"2025-10-22T08:22:10","slug":"alzheimer-wahrheit-teil-iii","status":"publish","type":"post","link":"https:\/\/naturheilt.com\/blog\/alzheimer-wahrheit-teil-iii\/","title":{"rendered":"Alzheimer &#8211; Neue Erkenntnisse belegen bisherige Irrwege"},"content":{"rendered":"<p>Eiwei\u00dfablagerungen zwischen den Nervenzellen im Gehirn (sog. Plaques)\u00a0 sollen die Ursache f\u00fcr die Demenzerkrankung \u201e<a href=\"http:\/\/www.naturheilt.com\/Inhalt\/Alzheimer.htm\">Alzheimer<\/a>\u201c sein.<\/p>\n<p>Diese Theorie ist seit der \u00dcberf\u00fchrung eines namhaften Neurobiologen als Daten-F\u00e4lscher nun endg\u00fcltig widerlegt:<\/p>\n<p><a href=\"https:\/\/naturheilt.com\/blog\/alzheimer-ursache\/\">Die wahre Ursache von Alzheimer<\/a> (Teil I)<\/p>\n<p><a href=\"https:\/\/naturheilt.com\/blog\/alzheimer-die-wahrheit-teil-ii\/\">Alzheimer &#8211; Die Wahrheit Teil II<\/a><br \/>\n<!--more--><br \/>\nDie Gewebsverklumpungen auf den Neuronen wurden f\u00fcr \u00fcbersch\u00fcssige Stoffwechselprodukte gehalten und sind ein typisches Symptom des Krankheitsbildes &#8211; so lautete zumindest die bis 2022 weit verbreitete Lehrmeinung.<\/p>\n<p>Im Sommer des Jahres kam eine Untersuchung des Forschungs-Magazins \u201eScience\u201c heraus, das eine wissenschaftliche Arbeit \u00fcber die Eiwei\u00dfablagerungen als dreiste F\u00e4lschung aufdeckte. Und es handelte sich ausgerechnet um eine der wichtigsten, angeblichen \u201eBeweise\u201c f\u00fcr die Plaque-Hypothese. Zu allem \u00dcberfluss ist der Autor auch noch ein international renommierter Gelehrter (Sylvain E. Lesn\u00e9). Das Medikament Aduhelm, das die Proteine aufl\u00f6sen sollte, nahm Hersteller Biogen sofort vom Markt.<\/p>\n<p>Zweifel an der Plaque-Theorie \u00e4u\u00dferte bis zu diesem Zeitpunkt nur eine Minderheit unter den Forschern. Dazu z\u00e4hlte eine Arbeitsgruppe der Harvard Medical School in Boston angezweifelt. Mitarbeiter des Teams um ihren Chef Rudolph Tanzi fanden strukturelle \u00c4hnlichkeiten der Protein-Plaques mit Antik\u00f6rpern des Immunsystems.<\/p>\n<h2>Die Plaques sind Folge und nicht Ursache<\/h2>\n<p>Die sogenannten Beta-Amyloid-Proteine, die angeblich die Gehirnzellen bei Alzheimer-Patienten zum Absterben zwingen, haben also eine ganz andere Bedeutung. Um das zu beweisen, stellten die Wissenschaftler in Boston diese Proteine k\u00fcnstlich her und testeten sie auf ihre antibakterielle Wirkung.<\/p>\n<p>Und tats\u00e4chlich hemmten die Eiwei\u00dfe das Wachstum einer Reihe von Krankheitserregern. Extrakte aus menschlichen Gehirnen hatten die selben Eigenschaften. Das gilt aber nur f\u00fcr die Proben aus dem Zentralnervengewebe von Alzheimer-Patienten.<\/p>\n<p>Demnach sind die Beta-Amyloid-Proteine die Spuren einer Aktivit\u00e4t des Immunsystems im Gehirn. Rudolph Tanzi und seine Kollegen folgern daraus, dass eine noch unbekannte Entz\u00fcndung die Alzheimer-Erkrankung ausl\u00f6st &#8212; wor\u00fcber ich erstmalig bereits vor \u00fcber zwei Jahren in einem <a href=\"http:\/\/www.naturheilt.com\/Inhalt\/Alzheimer.htm\">Grundsatzartikel zu Alzheimer<\/a> berichtet habe.<\/p>\n<p>Nun sind die Forscher nat\u00fcrlich eifrig bem\u00fcht, den Erreger oder andere Entz\u00fcndungsausl\u00f6ser ausfindig zu machen. Der therapeutische Nutzen liegt auf der Hand: Wenn es gel\u00e4nge, diese Mikroben bzw. die Entz\u00fcndung zu bek\u00e4mpfen, w\u00e4re eine urs\u00e4chliche Behandlung der Alzheimerschen Krankheit denkbar.<\/p>\n<p><strong>\u00dcbrigens: Wenn Sie solche Informationen interessieren, dann fordern Sie unbedingt meinen kostenlosen Praxis-Newsletter &#8222;Unabh\u00e4ngig. Nat\u00fcrlich. Klare Kante.&#8220; dazu an:<\/strong><br \/>\n<script type=\"text\/javascript\" src=\"https:\/\/rene-graeber.de\/view_webform_v2.js?u=v9&#038;webforms_id=pL1KE\"><\/script><\/p>\n<p>Beitragsbild: pixabay.com &#8211; geralt<\/p>\n<p>Dieser Beitrag wurde erstmalig am 01.04.2010 erstellt und am 07.08.2022 aktualisiert.<\/p>\n","protected":false},"excerpt":{"rendered":"<p>Eiwei\u00dfablagerungen zwischen den Nervenzellen im Gehirn (sog. Plaques)\u00a0 sollen die Ursache f\u00fcr die Demenzerkrankung \u201eAlzheimer\u201c sein. Diese Theorie ist seit der \u00dcberf\u00fchrung eines namhaften Neurobiologen als Daten-F\u00e4lscher nun endg\u00fcltig widerlegt: Die wahre Ursache von Alzheimer (Teil I) Alzheimer &#8211; Die Wahrheit Teil II<\/p>\n","protected":false},"author":19,"featured_media":5481,"comment_status":"open","ping_status":"open","sticky":false,"template":"","format":"standard","meta":{"_lmt_disableupdate":"","_lmt_disable":"","footnotes":""},"categories":[1],"tags":[14,12,13],"class_list":["post-312","post","type-post","status-publish","format-standard","has-post-thumbnail","hentry","category-allgemein","tag-altersdemenz","tag-alzheimer","tag-demenz"],"modified_by":"Ren\u00e9 Gr\u00e4ber","_links":{"self":[{"href":"https:\/\/naturheilt.com\/blog\/wp-json\/wp\/v2\/posts\/312","targetHints":{"allow":["GET"]}}],"collection":[{"href":"https:\/\/naturheilt.com\/blog\/wp-json\/wp\/v2\/posts"}],"about":[{"href":"https:\/\/naturheilt.com\/blog\/wp-json\/wp\/v2\/types\/post"}],"author":[{"embeddable":true,"href":"https:\/\/naturheilt.com\/blog\/wp-json\/wp\/v2\/users\/19"}],"replies":[{"embeddable":true,"href":"https:\/\/naturheilt.com\/blog\/wp-json\/wp\/v2\/comments?post=312"}],"version-history":[{"count":1,"href":"https:\/\/naturheilt.com\/blog\/wp-json\/wp\/v2\/posts\/312\/revisions"}],"predecessor-version":[{"id":6916,"href":"https:\/\/naturheilt.com\/blog\/wp-json\/wp\/v2\/posts\/312\/revisions\/6916"}],"wp:featuredmedia":[{"embeddable":true,"href":"https:\/\/naturheilt.com\/blog\/wp-json\/wp\/v2\/media\/5481"}],"wp:attachment":[{"href":"https:\/\/naturheilt.com\/blog\/wp-json\/wp\/v2\/media?parent=312"}],"wp:term":[{"taxonomy":"category","embeddable":true,"href":"https:\/\/naturheilt.com\/blog\/wp-json\/wp\/v2\/categories?post=312"},{"taxonomy":"post_tag","embeddable":true,"href":"https:\/\/naturheilt.com\/blog\/wp-json\/wp\/v2\/tags?post=312"}],"curies":[{"name":"wp","href":"https:\/\/api.w.org\/{rel}","templated":true}]}}