{"id":276,"date":"2010-02-05T13:07:33","date_gmt":"2010-02-05T11:07:33","guid":{"rendered":"https:\/\/naturheilt.com\/blog\/?p=276"},"modified":"2025-10-22T09:37:15","modified_gmt":"2025-10-22T07:37:15","slug":"pestizide-erhoehen-parkinson-risiko","status":"publish","type":"post","link":"https:\/\/naturheilt.com\/blog\/pestizide-erhoehen-parkinson-risiko\/","title":{"rendered":"Pestizide erh\u00f6hen Parkinson-Risiko"},"content":{"rendered":"<p>Umweltgifte erh\u00f6hen das Risiko, an der <a href=\"http:\/\/www.naturheilt.com\/Inhalt\/Parkinson.htm\">Parkinson-Krankheit<\/a> zu erkranken. Dieser Verdacht bestand, seit Ratten Insektizide gespritzt bekamen und danach an einer tierischen Parkinson-Erkrankung litten. Allerdings konnten andere Untersuchungen nie nachweisen, welche Gifte in welcher Menge zu einer Erkrankung f\u00fchren.<\/p>\n<p><!--more--><\/p>\n<p>Eine franz\u00f6sische Studie von Insem, dem nationalen Institut f\u00fcr Gesundheitsforschung, und der Universit\u00e4t Pierre et Marie Curie ging nun ins Detail. Die Ver\u00f6ffentlichung in den &#8222;Annals of Neurology\u201c zeigt: Alexis Elbaz und sein Team untersuchten Landwirte, die auf ihren H\u00f6fen immer wieder Umweltgifte eingesetzt hatten. Die Forscher legten ihr Augenmerk dabei auch auf die Menge de Gifte, mit der es die Bauern im Verlauf ihres Lebens zu tun gehabt hatten. Und sie unterschieden die Mittel in Insektizide (gegen Insekten), Herbizide (gegen Unkraut) und Fungizide (gegen Pilze).<\/p>\n<p><strong>Es zeigte sich, dass die Bauern, die besonders oft gegen Insekten vorgegangen waren, doppelt so h\u00e4ufig an <a href=\"http:\/\/www.naturheilt.com\/Inhalt\/Alzheimer.htm\">Alzheimer<\/a> erkrankt waren wie ihre Kollegen. <\/strong><\/p>\n<p>Weitere Forschungen sollen nun kl\u00e4ren, ob auch geringe Mengen der Umweltgifte neurodegenerative Krankheiten hervorrufen k\u00f6nnen. Die <a href=\"http:\/\/www.yamedo.de\/krankheiten\/neurologie\/morbus-parkinson.html\" target=\"_blank\" rel=\"noopener\">Parkinson-Erkrankung<\/a> ist eine solche, verh\u00e4ltnism\u00e4\u00dfig h\u00e4ufige Erkrankung, die noch nicht geheilt werden kann.<\/p>\n<p>Quelle: http:\/\/www3.interscience.wiley.com\/journal\/122322358\/abstract<\/p>\n<p>Weitere interessante Artikel zum Thema:<\/p>\n<ul>\n<li><a href=\"https:\/\/naturheilt.com\/blog\/glyphosat-gift-und-gentechnik-ausser-kontrolle\/\">Gifte und Gentechnik au\u00dfer Kontrolle<\/a><\/li>\n<li><a href=\"https:\/\/naturheilt.com\/blog\/alzheimer-ursache\/\">Die wahre Ursache von Alzheimer<\/a><\/li>\n<\/ul>\n<p>&nbsp;<\/p>\n<p><strong>\u00dcbrigens: Wenn Sie solche Informationen interessieren, dann fordern Sie unbedingt meinen kostenlosen Praxis-Newsletter &#8222;Unabh\u00e4ngig. Nat\u00fcrlich. Klare Kante.&#8220; dazu an:<\/strong><br \/>\n<script type=\"text\/javascript\" src=\"https:\/\/rene-graeber.de\/view_webform_v2.js?u=v9&#038;webforms_id=pL1KE\"><\/script><\/p>\n<p>Beitragsbild: pixabay.com &#8211; wuzefe<\/p>\n","protected":false},"excerpt":{"rendered":"<p>Umweltgifte erh\u00f6hen das Risiko, an der Parkinson-Krankheit zu erkranken. Dieser Verdacht bestand, seit Ratten Insektizide gespritzt bekamen und danach an einer tierischen Parkinson-Erkrankung litten. Allerdings konnten andere Untersuchungen nie nachweisen, welche Gifte in welcher Menge zu einer Erkrankung f\u00fchren.<\/p>\n","protected":false},"author":19,"featured_media":5459,"comment_status":"open","ping_status":"open","sticky":false,"template":"","format":"standard","meta":{"_lmt_disableupdate":"","_lmt_disable":"","footnotes":""},"categories":[3],"tags":[12,113,112,111,109,110],"class_list":["post-276","post","type-post","status-publish","format-standard","has-post-thumbnail","hentry","category-krankheiten","tag-alzheimer","tag-fungizide","tag-herbizide","tag-insektizide","tag-parkinson","tag-umweltgifte"],"modified_by":"Ren\u00e9 Gr\u00e4ber","_links":{"self":[{"href":"https:\/\/naturheilt.com\/blog\/wp-json\/wp\/v2\/posts\/276","targetHints":{"allow":["GET"]}}],"collection":[{"href":"https:\/\/naturheilt.com\/blog\/wp-json\/wp\/v2\/posts"}],"about":[{"href":"https:\/\/naturheilt.com\/blog\/wp-json\/wp\/v2\/types\/post"}],"author":[{"embeddable":true,"href":"https:\/\/naturheilt.com\/blog\/wp-json\/wp\/v2\/users\/19"}],"replies":[{"embeddable":true,"href":"https:\/\/naturheilt.com\/blog\/wp-json\/wp\/v2\/comments?post=276"}],"version-history":[{"count":1,"href":"https:\/\/naturheilt.com\/blog\/wp-json\/wp\/v2\/posts\/276\/revisions"}],"predecessor-version":[{"id":6811,"href":"https:\/\/naturheilt.com\/blog\/wp-json\/wp\/v2\/posts\/276\/revisions\/6811"}],"wp:featuredmedia":[{"embeddable":true,"href":"https:\/\/naturheilt.com\/blog\/wp-json\/wp\/v2\/media\/5459"}],"wp:attachment":[{"href":"https:\/\/naturheilt.com\/blog\/wp-json\/wp\/v2\/media?parent=276"}],"wp:term":[{"taxonomy":"category","embeddable":true,"href":"https:\/\/naturheilt.com\/blog\/wp-json\/wp\/v2\/categories?post=276"},{"taxonomy":"post_tag","embeddable":true,"href":"https:\/\/naturheilt.com\/blog\/wp-json\/wp\/v2\/tags?post=276"}],"curies":[{"name":"wp","href":"https:\/\/api.w.org\/{rel}","templated":true}]}}