{"id":1430,"date":"2020-01-23T10:14:15","date_gmt":"2020-01-23T08:14:15","guid":{"rendered":"https:\/\/naturheilt.com\/blog\/?p=1430"},"modified":"2023-10-10T19:23:58","modified_gmt":"2023-10-10T17:23:58","slug":"sind-sonnenstudios-wirklich-schaedlich","status":"publish","type":"post","link":"https:\/\/naturheilt.com\/blog\/sind-sonnenstudios-wirklich-schaedlich\/","title":{"rendered":"Sind Solarien wirklich sch\u00e4dlich? Schon merkw\u00fcrdig wie &#8222;hysterisch&#8220; da gewarnt wird&#8230;"},"content":{"rendered":"<p>Seit 2012\u00a0k\u00fcmmert sich &#8222;Vater Staat&#8220; wieder einmal r\u00fchrend um uns. Er sch\u00fctzt uns (ein weiteres Mal) vor einer h\u00f6chst gef\u00e4hrlichen Seuche, die die gesamte Bev\u00f6lkerung in den Abgrund zu rei\u00dfen droht und zwar in Form von Solarien und Sonnenstudios. Seit\u00a02012 gibt es\u00a0\u201eversch\u00e4rfte Regeln\u201c f\u00fcr dieses Fegefeuer, von dem das Bundesamt f\u00fcr Strahlenschutz (BfS) dringend abr\u00e4t.<\/p>\n<p>Denn wer sich regelm\u00e4\u00dfig diesen Solarien\u00a0hingibt, l\u00e4uft Gefahr, \u201ean den Folgen \u00fcberm\u00e4\u00dfiger UV-Bestrahlung zu erkranken\u201c, wei\u00df das BfS zu berichten. Diese Erkrankung ist dann <a href=\"http:\/\/www.yamedo.de\/krankheiten\/krebs\/hautkrebs.html\" target=\"_blank\" rel=\"noopener\">Hautkrebs<\/a>. Und das darf nicht sein. Also kurz und b\u00fcndig noch einmal f\u00fcr alle Unverbesserlichen und Strahlen-Laien:<\/p>\n<p><em>Sonne und Solarien machen UV -&gt; UV sein schlimm f\u00fcr Haut -&gt; Haut krank werden mit Krebs -&gt; du tot wenn Krebs auf Haut<\/em>.<\/p>\n<p><!--more--><\/p>\n<p>Und deshalb\u00a0bedurfte es\u00a0einer neuen \u201e<em>UV-Schu<\/em><em>tz-Verodnung<\/em>\u201c (Tippfehler nicht von mir, sondern Originaltext in BfS Ank\u00fcndigung\u00a0im Nov. 2012).\u00a0Darin wird bejubelt, dass die \u201efreiwilligen Regelungen\u201c, die nicht zu den erw\u00fcnschten \u201eVerbesserungen\u201c (sprich: Einschr\u00e4nkungen) gef\u00fchrt hatten, jetzt durch staatliche Zwangsma\u00dfnahmen unfreiwillig geregelt werden.<\/p>\n<p>Kinder und Jugendliche d\u00fcrfen schon seit Juli 2009 nicht mehr ins Solarium \u2013 das finde ich noch v\u00f6llig in Ordnung. Aber: neben einem prall gef\u00fcllten Sack an Auflagen f\u00fcr Solarienbetreiber (die ich zum gr\u00f6\u00dften Teil auch gut finde) kommt dann noch die Empfehlung, \u00fcberhaupt nicht mehr ins Solarium zu gehen, wenn man gesund bleiben will. Unter diesen Umst\u00e4nden wird sich jeder Betreiber oder einer, der es erst noch werden will, Gedanken machen m\u00fcssen, sich umschulen zu lassen. Auch das w\u00e4re in Ordnung, wenn Sonnenstudios und Solarien wirklich so gef\u00e4hrlich w\u00e4ren wie es immer behauptet wird.<\/p>\n<p>Leider f\u00e4llt hier wieder mal auf, dass Argumente (die einf\u00e4ltiger nicht sein k\u00f6nnen), von offizieller Seite herangezogen werden, um die Gesundheit endlich einmal \u00fcber das gesch\u00e4ftliche Wohl stellen und sich so als besorgte Institution f\u00fcr die Bev\u00f6lkerung verkaufen zu k\u00f6nnen.<\/p>\n<p>Zielgruppe im Visier der Staatsmacht sind Leute, die keine Lobby haben und sich genauso kr\u00e4ftig wehren k\u00f6nnen wie Obdachlose: n\u00e4mlich gar nicht. Wenn die Pharmaindustrie Jahrzehnte lang, trotz Warnungen und Zwischenf\u00e4llen aus allen Ecken, Horror-Pr\u00e4parate vertreibt (<a href=\"http:\/\/www.yamedo.de\/blog\/avandia-evidenzbasiertes-desaster-2011\/\" target=\"_blank\" rel=\"noopener noreferrer\">Avandia<\/a>, <a href=\"https:\/\/naturheilt.com\/blog\/vioxx-skandal-merck\/\" target=\"_blank\" rel=\"noopener noreferrer\">Vioxx<\/a>, Contergan usw.), die auch noch ein Vielfaches mehr an Todesopfern fordern als vergleichbare angebliche \u201eSolarien-Tote\u201c, dann ist das f\u00fcr die gleichen staatlichen Institutionen seltsamerweise kein Grund, schnellstens neue \u201eVerodnungen\u201c zu erlassen. Die kommen erst, wenn\u00a0ein Friedhof voll ist mit den Pharma-Toten.<\/p>\n<p>Aber f\u00fcr mich ist diese \u201eSolarien-Hysterie\u201c auch aus einem anderen Grund ein l\u00e4cherlicher Akt staatlich sanktionierter Heuchelei.<\/p>\n<p><strong>\u00dcbrigens: Wenn Sie solche Informationen interessieren, dann fordern Sie unbedingt meinen kostenlosen Praxis-Newsletter dazu an:<\/strong><br \/>\n<script type=\"text\/javascript\" src=\"https:\/\/rene-graeber.de\/view_webform_v2.js?u=v9&#038;webforms_id=pDDkW\"><\/script><\/p>\n<h2>Solarien: Verordnungen ohne Realit\u00e4tsbezug<\/h2>\n<p>Mit den\u00a0gesetzlichen Bestimmungen sollen UVA und UVB-Strahlung kurz gehalten werden, UVC sollte sogar ganz eliminiert werden. Letzteres mag durchaus sinnvoll sein, da die nat\u00fcrlich auftretende UVC-Strahlung der Sonne von den oberen Schichten der Erdatmosph\u00e4re abgefangen wird. Ob die f\u00fcr UVA und UVB angegebenen Werte Sinn machen oder nicht, ist eine klein-kr\u00e4merische Frage f\u00fcr \u201eExperten\u201c.<\/p>\n<p>Denn es geht nicht darum, wieder einmal in die Diskussion um Grenzwerte zu treten, die sowieso nur ausgehandelt werden wie Lohnerh\u00f6hungen. Vielmehr werden diese Dinge zum Anlass genommen, Solarien an sich und seine nat\u00fcrliche Konkurrenz, die Sonne, als saugef\u00e4hrlich hinzustellen und jeden Nutzen von UV-Strahlung zu leugnen.<\/p>\n<p><strong>Und das, obwohl gerade die UVB-Strahlung die bislang beste Methode ist, seinen K\u00f6rper mit <a href=\"http:\/\/www.vitalstoffmedizin.com\/vitamine\/vitamin-d.html\" target=\"_blank\" rel=\"noopener noreferrer\">Vitamin D<\/a> zu versorgen<\/strong>. Eine Kompensation mit Nahrungserg\u00e4nzungsmitteln ist zwar theoretisch m\u00f6glich: aber Sonnenstrahlen sind kostenlos und einfach zu handhaben, wenn man in Breitengraden lebt, wo die Sonne etwas h\u00e4ufiger scheint.<\/p>\n<p>Die offiziellen Quellen malen jedoch ein Bild des Schreckens von Hautkrebs als Folge der Sonne und Solarien.<\/p>\n<p>Zur Sache mit dem &#8222;Unsinn&#8220; bez\u00fcglich Sonne und Hautkrebs hatte ich in folgenden Beitr\u00e4gen ausf\u00fchrlich Stellung genommen:<\/p>\n<ul>\n<li><a href=\"http:\/\/www.yamedo.de\/blog\/ueberraschende-ursache-hautkrebs-2012-2\/\" target=\"_blank\" rel=\"noopener noreferrer\">Die (\u00fcberraschende) Ursache f\u00fcr Hautkrebs<\/a> und<\/li>\n<li><a href=\"http:\/\/www.yamedo.de\/blog\/boese-sonne-gute-sonne-vitamin-d-2012\/\" target=\"_blank\" rel=\"noopener noreferrer\">B\u00f6se Sonne, gute Sonne \u2013 neue Erkenntnisse zum Vitamin D<\/a><\/li>\n<\/ul>\n<p>Und (ganz ausf\u00fchrlich) in meinem Buch: Die Vitamin D Therapie, ich der ich nat\u00fcrlich auch auf die Sonnenb\u00e4nke, das &#8222;Sonnenbaden&#8220; und Vitamin D Pr\u00e4parate eingehe. Das Buch k\u00f6nnen Sie hier bestellen: <a href=\"http:\/\/renegraeber.de\/vitamin-d-therapie.html\" target=\"_blank\" rel=\"noopener noreferrer\">https:\/\/renegraeber.de\/vitamin-d-therapie.html<\/a><\/p>\n<p><a href=\"https:\/\/www.renegraeber.de\/vitamin-d-therapie.html\" target=\"_blank\" rel=\"noopener\"><img decoding=\"async\" class=\"aligncenter size-full wp-image-3293\" src=\"https:\/\/naturheilt.com\/blog\/wp-content\/uploads\/2019\/01\/vitamin-d-610px.jpg\" alt=\"Buch: Vitamin D Therapie von Ren\u00e9 Gr\u00e4ber\" width=\"611\" height=\"282\" srcset=\"https:\/\/naturheilt.com\/blog\/wp-content\/uploads\/2019\/01\/vitamin-d-610px.jpg 611w, https:\/\/naturheilt.com\/blog\/wp-content\/uploads\/2019\/01\/vitamin-d-610px-300x138.jpg 300w\" sizes=\"(max-width: 611px) 100vw, 611px\" \/><\/a><\/p>\n<p>Die Schreckensmeldungen und Warnungen der &#8222;Experten&#8220; basieren auf \u201ewissenschaftlichen\u201c Arbeiten wie zum Beispiel dieser: <a href=\"https:\/\/ncbi.nlm.nih.gov\/pubmed\/22833605\" target=\"_blank\" rel=\"noopener noreferrer\">Cutaneous melanoma attributable to sunbed use: systematic review and meta-analysis<\/a>. Es handelt sich dabei um eine sogenannte \u201eMeta-Analyse\u201c, die alte Arbeiten unter neuen Gesichtspunkten (in diesem Fall der m\u00f6gliche Zusammenhang zwischen UV-Strahlung und Hautkrebs), aufzuarbeiten versucht.<\/p>\n<p>Meta-Analysen haben aber nichts mit den sonst \u00fcblichen wissenschaftlichen Publikationen gemein, bei denen es sich um prospektive, randomisierte, doppelblinde, plazebokontrollierte Studien handelt.<\/p>\n<p><strong>Bei Meta-Analysen h\u00e4ngt immer ein wenig der Geruch in der Luft, dass die Autoren unter Umst\u00e4nden das Datenmaterial so ausgew\u00e4hlt haben, dass das an Ergebnissen herauskommt, was man herauskommen sehen m\u00f6chte.<\/strong><\/p>\n<p>In dieser vorliegenden Arbeit kommen die Autoren dann auch stolz zum Schluss, dass Solarien mit einem signifikanten Anstieg des Hautkrebsrisikos verbunden sind. Wieder einmal wird ein statistisches Verfahren als Beweis genommen. Hier wird es um eine Variante fragw\u00fcrdiger, da die Ergebnisse nicht aus einer prospektiven Studie mit sauberem Studiendesign stammen.<\/p>\n<p>Wie haneb\u00fcchen solche Beurteilungen sind zeigt eine weitere Meta-Analyse, die zu einem vollkommen gegenteiligen Ergebnis kommt: <a href=\"https:\/\/journals.cambridge.org\/action\/displayAbstract?fromPage=online&amp;aid=8500947\" target=\"_blank\" rel=\"noopener noreferrer\">Vitamin D, sun, sunbeds and health<\/a>. Diese Arbeit betont, dass der Gebrauch von Solarien auch mit einer verbesserten Vitamin-D-Produktion verbunden ist, da Sonne oder Solarien die haupts\u00e4chliche Quelle von Vitamin D darstellen.<\/p>\n<p>Die Autoren schlie\u00dfen zwar nicht aus, dass hier eine m\u00f6gliche Gef\u00e4hrdung in Sachen Hautkrebs vorliegt. Aber sie sind der Meinung, dass der generelle gesundheitliche Effekt eines verbesserten Vitamin-D-Status h\u00f6her einzusch\u00e4tzen ist als eine m\u00f6gliche Gef\u00e4hrdung durch <a href=\"http:\/\/www.yamedo.de\/krankheiten\/krebs\/\" target=\"_blank\" rel=\"noopener noreferrer\">Krebs<\/a>.<\/p>\n<p>Da stellt sich die Frage:<\/p>\n<p><strong>Wie kann es zu solch unterschiedlichen Einsch\u00e4tzungen kommen? <\/strong><\/p>\n<p><strong>Wer macht hier einen Fehler in der Beurteilung der UV-Strahlung?<\/strong><\/p>\n<p>Was auff\u00e4llt in der Verordnungsank\u00fcndigung der BfS, dass hier undifferenziert Werte korrigiert werden, die keinen Realit\u00e4tsbezug beanspruchen k\u00f6nnen. Denn jeder, je nach Hauttyp, reagiert anders auf UV-Strahlen.<\/p>\n<p>Dunkelh\u00e4utige werden eine Menge mehr an Strahlung vertragen als Hellh\u00e4utige. Sie werden sogar mehr UVB ben\u00f6tigen, um eine k\u00f6rpereigene Vitamin-D-Produktion in Gang zu setzen. Will also der Staat unsere Vitamin-D-Konzentrationen kappen?<\/p>\n<h2>\u00a0Vitamin D gegen Krebs<\/h2>\n<p>Im Jahr 2010 erfolgte die Ver\u00f6ffentlichung dieser Arbeit durch Grant: <a href=\"https:\/\/ncbi.nlm.nih.gov\/pubmed\/20570169\" target=\"_blank\" rel=\"noopener noreferrer\">Relation between prediagnostic serum 25-hydroxyvitamin D level and incidence of breast, colorectal, and other cancers<\/a>.<\/p>\n<p>Hier best\u00e4tigt er die Vermutung, dass h\u00f6here Konzentrationen an Vitamin D im Organismus in der Lage sind, das Risiko f\u00fcr eine Reihe von Krebsformen einzud\u00e4mmen. Aber auch hier bildet die Grundlage eine Ansammlung von Meta-Analysen von prospektiven Studien \u00fcber <a href=\"http:\/\/www.yamedo.de\/krankheiten\/krebs\/brustkrebs.html\" target=\"_blank\" rel=\"noopener noreferrer\">Brustkrebs<\/a> und <a href=\"http:\/\/www.yamedo.de\/krankheiten\/krebs\/darmkrebs.html\" target=\"_blank\" rel=\"noopener noreferrer\">Dickdarmkrebs<\/a>.<\/p>\n<p>Nach der statistischen Auswertung der Daten ergab sich eine 50-prozentige Reduktion des Risikos von Brustkrebs, wenn die Konzentrationen von 10 Nanogramm pro Milliliter (25 Nano-Mol pro Liter) auf 31 Nanogramm pro Milliliter (77.5 Nano-Mol pro Liter) ansteigen. Das Risiko f\u00fcr Dickdarmkrebs sinkt im gleichen Ma\u00dfe bei einer Steigerung des Vitamins von 6 Nanogramm pro Milliliter (15 Nano-Mol pro Liter) auf 24 Nanogramm pro Milliliter (60 Nano-Mol pro Liter).<\/p>\n<p>Aber dabei sollte es nicht bleiben. Es gibt inzwischen eine ganze Reihe an Arbeiten, die dem Vitamin D einen protektiven Effekt zusprechen, und das gegen mindestens 16 verschiedene Krebsformen.<\/p>\n<p>Dabei gelten Werte von 50 Nanogramm pro Milliliter noch als Vitamin-D-Mangel. Ein optimaler Wert liegt zwischen 50 und 70 Nanogramm pro Milliliter. 70 bis 100 Nanogramm pro Milliliter gelten als therapeutische Dosen f\u00fcr die Behandlung von Krebserkrankungen und <a href=\"http:\/\/www.yamedo.de\/krankheiten\/kreislauferkrankungen\/\" target=\"_blank\" rel=\"noopener noreferrer\">Herz-Kreislauf-Erkrankungen<\/a>. Erst Werte von \u00fcber 100 Nanogramm pro Milliliter sind \u201ezuviel des Guten\u201c.<\/p>\n<h2>Hautkrebs bei Personen die in geschlossenen R\u00e4umen arbeiten<\/h2>\n<p>Wie paradox die staatlichen Erhebungen erscheinen, l\u00e4sst sich bei einer anderen Arbeit ablesen: <a href=\"http:\/\/www.medical-hypotheses.com\/article\/S0306-9877%2808%2900599-9\/abstract\" target=\"_blank\" rel=\"noopener noreferrer\">Increased UVA exposures and decreased cutaneous Vitamin D3 levels may be responsible for the increasing incidence of melanoma<\/a>. Diese Arbeit zeigt, wie Hautkrebs gerade bei Arbeitnehmern zunimmt, die in geschlossenen R\u00e4umen arbeiten, also in B\u00fcros, Schulen etc.<\/p>\n<p>Diese Leute haben eine 3- bis 9-fach geringere UV-Belastung als Arbeiter, die im Freien arbeiten m\u00fcssen. Aber nur die B\u00fcro- und andere \u201eInnen\u201cangestellten zeigen einen deutlichen Aufw\u00e4rtstrend bei den malignen Melanomen.<\/p>\n<p>Grund daf\u00fcr ist m\u00f6glicherweise die UVA-Strahlung, die nahezu ungebremst auch die Fensterscheiben durchdringen kann. Gleichzeitig wird jede Form von UVB-Strahlung von Fensterscheiben eliminiert. Damit w\u00e4re die sch\u00e4dliche UV-Strahlung in der Lage, schon bestehende Vitamin-D-Reservoire in der Haut abzubauen und die fehlende UVB-Strahlung ist nicht in der Lage, neues Vitamin D nachzubilden.<\/p>\n<p>Neue Erkenntnisse haben zudem gezeigt, dass Melanomzellen einmal produziertes Vitamin D zu <a href=\"https:\/\/de.wikipedia.org\/wiki\/Calcitriol\" target=\"_blank\" rel=\"noopener noreferrer\">Calcitriol<\/a> umbauen, welches f\u00fcr die Melanomzellen zytotoxische Eigenschaften besitzt:<strong> Calcitriol ist ein Secosteroid, von dem bekannt ist, dass es einen Schutz vor vielen Krebsarten bietet.<\/strong> Bei den Melanomzellen bewirkt die Substanz eine Hemmung des Zellwachstums mit einer anschlie\u00dfenden Apoptose (nat\u00fcrlicher Zelltod).<\/p>\n<p>Auf der anderen Seite geben die Autoren zu bedenken, dass eine zu intensive UV-Strahlung im Freien, die zu Sonnenbr\u00e4nden f\u00fchrt, mit an der Entstehung von malignen Melanomen beteiligt sein kann. Somit w\u00e4ren eine zu hohe UVA-Belastung und gleichzeitig eine herabgesetzte Vitamin-D-Produktion in der Haut die prim\u00e4ren Faktoren, die zur Entstehung von malignen Melanomen f\u00fchren.<\/p>\n<p>Eine ganz \u201efrische\u201c Ver\u00f6ffentlichung geht sogar noch einen Schritt weiter. Hier wird die staatlich verordnete Sonnen- und Solarien-Hysterie endg\u00fcltig ad absurdum gef\u00fchrt:(\u00a0Beneficial effects of UV radiation other than via vitamin D production).<\/p>\n<p>Lese ich da richtig?<\/p>\n<h2>N\u00fctzliche Effekte der UV-Strahlung?<\/h2>\n<p>Kann nicht sein; darf nicht sein!<\/p>\n<p>Aber die norwegischen Autoren sind der Meinung, dass die UVB-Strahlung mehr kann, als \u201enur\u201c Vitamin D zu synthetisieren und die Haut braun zu f\u00e4rben. Eine Reihe von <a href=\"http:\/\/www.yamedo.de\/krankheiten\/hauterkrankungen\/\" target=\"_blank\" rel=\"noopener noreferrer\">Hauterkrankungen<\/a> beim Menschen, wie <a href=\"http:\/\/www.naturheilt.com\/Inhalt\/Psoriasis.htm\" target=\"_blank\" rel=\"noopener noreferrer\">Psoriasis<\/a>, Vitiligo (Wei\u00dffleckenkrankheit), atopische Dermatitis und \u00f6rtlich begrenzte <a href=\"http:\/\/www.yamedo.de\/krankheiten\/rheuma\/sklerodermie.html\" target=\"_blank\" rel=\"noopener noreferrer\">Sklerodermie<\/a>, kann mit einer Therapie im Solarium erfolgreich behandelt werden.<\/p>\n<p>Aber auch der nat\u00fcrliche Weg mit Hilfe der Sonne kommt hier in Frage. Weiter unterdr\u00fccken UV-Strahlen die klinischen Symptome der <a href=\"http:\/\/www.yamedo.de\/krankheiten\/neurologie\/multiple-sklerose.html\" target=\"_blank\" rel=\"noopener noreferrer\">Multiplen Sklerose<\/a> unabh\u00e4ngig von der Vitamin-D-Synthese. Sie erzeugen Stickoxid (NO), welches den Blutdruck senkt und allgemein die kardiovaskul\u00e4re Gesundheit verbessert. UVA-induziertes NO scheint zudem anti-mikrobielle Eigenschaften zu besitzen und agiert auch als Neurotransmitter. Zum besonders guten Schluss: UV-Strahlen verbessern die Laune, das Gem\u00fct, das Wohlgef\u00fchl durch die Freisetzung von Endorphinen.<\/p>\n<p>Kein Wunder, dass man Sonne und Solarien verbieten will. Wohlgef\u00fchl \u2013 das ist nun wirklich zu viel des Guten, oder? Wir sind doch nicht zum Wohlf\u00fchlen hier. Und um die Gesundheit scheint es auch diesmal wieder nicht zu gehen. Sie ist nur die Fassade, die die eigentlichen Absichten verschleiert. Oder ist es wirklich die grenzenlose Dummheit der Beh\u00f6rden, die nicht einsehen wollen oder k\u00f6nnen, dass es nichts auf der Welt gibt, das nur schlecht ist und daher von den Beh\u00f6rden reguliert werden muss?<\/p>\n<h2>Fazit<\/h2>\n<p><strong>Wer an die staatlichen Glaubensformeln in Sachen UV-Strahlen glaubt, darf sich nicht wundern, wenn er genau das bekommt, wovor ihn der Staat angeblich sch\u00fctzen will.<\/strong><\/p>\n<p>Waren es nicht unsere flei\u00dfigen Staatsdiener, die die ganze Welt verr\u00fcckt gemacht haben mit ihrem Ges\u00e4usel \u00fcber \u201eSchweingerippe-Pandemien\u201c, \u201e<a href=\"https:\/\/naturheilt.com\/blog\/ehec-heckmeck\/\">EHEC vernichtet die Welt<\/a>\u201c, Vogelgrippe usw. Und jetzt die b\u00f6se Sonne und seine b\u00f6sen Ableger: Die Solarien und die Sonnenstudios.<\/p>\n<p>Selbstverst\u00e4ndlich d\u00fcrfen Solarien keine sch\u00e4dlichen Strahlungen freisetzen. Und die Besonnungszeiten m\u00fcssen auch einem \u201enat\u00fcrlichen\u201c Ma\u00df entsprechen. Ich habe die Vermutung, dass es nicht nur darum geht &#8211; wenn man z. B. der BfS-Seite glauben darf. K\u00f6nnte es auch darum gehen, etwas zu beschr\u00e4nken und mies zu machen, was f\u00fcr die Gesundheit eine zentrale Rolle spielen kann?<\/p>\n<p>Dies w\u00e4re eine weitere Variante, neben dem Verbot von <a href=\"http:\/\/www.gesund-heilfasten.de\/nahrungsergaenzung\/heilpilze-mykotherapie.html\" target=\"_blank\" rel=\"noopener noreferrer\">Heilpilzen<\/a>, <a href=\"http:\/\/www.naturheilt.com\/heilpflanzen\/\" target=\"_blank\" rel=\"noopener noreferrer\">Heilpflanzen<\/a> etc. (siehe auch: &#8222;<a href=\"https:\/\/naturheilt.com\/blog\/heilpilze-auf-abschussliste\/\" target=\"_blank\" rel=\"noopener noreferrer\">Heilpilze auf der Abschussliste der Pharmaindustrie<\/a>&#8222;), die alleinige gesundheitliche Vorsorge in die H\u00e4nde von Schulmedizin und Pharmaindustrie zu bugsieren.<\/p>\n<h2>Noch ein Nachsatz zu den Sonnenstudios<\/h2>\n<p>Leider muss ich auch noch erw\u00e4hnen, dass Sonnenstudios mittlerweile mit &#8222;Vitamin D Produktion&#8220; usw. in die Werbung gehen, aber die Mitarbeiter in Sonnenstudios (die ich betrete) keinerlei Ahnung haben, wie viel Prozent UVB Strahlung die R\u00f6hren abgeben.<\/p>\n<p>Selbst auf Nachfragen wissen die Mitarbeiter noch nicht einmal wo sie dies nachlesen k\u00f6nnten. Jedem Autoverk\u00e4ufer w\u00fcrde man bei solcher Unkenntnis die Note 6 erteilen. Ich komme ja durchaus in einigen St\u00e4dten herum und es ist \u00fcberall das selbe &#8222;Leid&#8220;. Meistens bekomme ich nur eine Antwort: &#8222;Zur Vitamin D Produktion gehen Sie am besten auf die Nummer acht.&#8220; &#8211; Das war es dann mit den Informationen. Aus meiner Sicht ist die Beratung in den Sonnenstudios immer noch recht mangelhaft &#8211; ebenso wie die &#8222;Verordnungen&#8220;.<\/p>\n<p><strong>\u00dcbrigens: Wenn Sie solche Informationen interessieren, dann fordern Sie unbedingt meinen Praxis-Newsletter mit den &#8222;5 Wundermitteln&#8220; an:<\/strong><br \/>\n<script type=\"text\/javascript\" src=\"https:\/\/rene-graeber.de\/view_webform_v2.js?u=v9&#038;webforms_id=pD2TS\"><\/script><\/p>\n<p>Kleine Anmerkung: Die Sache mit den &#8222;5 Wundermitteln&#8220; ist mit Abstand der beliebteste Newsletter, den meine Patienten gerne lesen&#8230;<\/p>\n<p>Der Beitrag wurde von mir am 20.12.2012 erstellt und letztmalig am 23.1.2020 bearbeitet.<\/p>\n","protected":false},"excerpt":{"rendered":"<p>Seit 2012\u00a0k\u00fcmmert sich &#8222;Vater Staat&#8220; wieder einmal r\u00fchrend um uns. Er sch\u00fctzt uns (ein weiteres Mal) vor einer h\u00f6chst gef\u00e4hrlichen Seuche, die die gesamte Bev\u00f6lkerung in den Abgrund zu rei\u00dfen droht und zwar in Form von Solarien und Sonnenstudios. Seit\u00a02012 gibt es\u00a0\u201eversch\u00e4rfte Regeln\u201c f\u00fcr dieses Fegefeuer, von dem das Bundesamt f\u00fcr Strahlenschutz (BfS) dringend abr\u00e4t. [&hellip;]<\/p>\n","protected":false},"author":19,"featured_media":2331,"comment_status":"open","ping_status":"open","sticky":false,"template":"","format":"standard","meta":{"_lmt_disableupdate":"","_lmt_disable":"","footnotes":""},"categories":[1],"tags":[88,299,66,23,336,338,337,197],"class_list":["post-1430","post","type-post","status-publish","format-standard","has-post-thumbnail","hentry","category-allgemein","tag-haut","tag-hautkrebs","tag-heilpflanzen","tag-krebs","tag-solarium","tag-sonne","tag-sonnenstudio","tag-vitamine"],"modified_by":null,"_links":{"self":[{"href":"https:\/\/naturheilt.com\/blog\/wp-json\/wp\/v2\/posts\/1430","targetHints":{"allow":["GET"]}}],"collection":[{"href":"https:\/\/naturheilt.com\/blog\/wp-json\/wp\/v2\/posts"}],"about":[{"href":"https:\/\/naturheilt.com\/blog\/wp-json\/wp\/v2\/types\/post"}],"author":[{"embeddable":true,"href":"https:\/\/naturheilt.com\/blog\/wp-json\/wp\/v2\/users\/19"}],"replies":[{"embeddable":true,"href":"https:\/\/naturheilt.com\/blog\/wp-json\/wp\/v2\/comments?post=1430"}],"version-history":[{"count":0,"href":"https:\/\/naturheilt.com\/blog\/wp-json\/wp\/v2\/posts\/1430\/revisions"}],"wp:featuredmedia":[{"embeddable":true,"href":"https:\/\/naturheilt.com\/blog\/wp-json\/wp\/v2\/media\/2331"}],"wp:attachment":[{"href":"https:\/\/naturheilt.com\/blog\/wp-json\/wp\/v2\/media?parent=1430"}],"wp:term":[{"taxonomy":"category","embeddable":true,"href":"https:\/\/naturheilt.com\/blog\/wp-json\/wp\/v2\/categories?post=1430"},{"taxonomy":"post_tag","embeddable":true,"href":"https:\/\/naturheilt.com\/blog\/wp-json\/wp\/v2\/tags?post=1430"}],"curies":[{"name":"wp","href":"https:\/\/api.w.org\/{rel}","templated":true}]}}