{"id":1227,"date":"2012-03-06T18:26:27","date_gmt":"2012-03-06T16:26:27","guid":{"rendered":"https:\/\/naturheilt.com\/blog\/?p=1227"},"modified":"2025-10-22T09:41:24","modified_gmt":"2025-10-22T07:41:24","slug":"bei-depressionen-der-seele-gutes-tun","status":"publish","type":"post","link":"https:\/\/naturheilt.com\/blog\/bei-depressionen-der-seele-gutes-tun\/","title":{"rendered":"Bei Depressionen der Seele Gutes tun"},"content":{"rendered":"<p>Wer sich \u00fcber einen l\u00e4ngeren Zeitraum hinweg emotional und psychisch labil oder gar richtig elend f\u00fchlt, geht in der Regel zum Arzt, um sich untersuchen zu lassen. Liegen keine k\u00f6rperlichen Beschwerden vor, wird nicht selten die Diagnose &#8222;<a href=\"http:\/\/naturheilt.com\/Inhalt\/Depression.htm\">Depression<\/a>&#8220; gestellt und entsprechende Medikamente verschrieben. Leider gehen diese Medikamente keineswegs die Ursachen der seelischen Beschwerden an, nicht einmal die Auswirkungen werden erfolgreich therapiert &#8211; laut Aussagen zahlreicher ehemaliger Patienten wurde der Kopf (und somit die Emotionen) lediglich &#8222;ruhig gestellt&#8220;.<\/p>\n<p>Auf Dauer kann dies jedoch keine L\u00f6sung sein, denn letzten Endes geh\u00f6ren Emotionen und Gef\u00fchle zum Leben eines Menschen einfach dazu. Doch wie kann man aus diesem Teufelskreis ausbrechen? In dem man ihn zun\u00e4chst einmal annimmt.<\/p>\n<p><!--more--><\/p>\n<p>Dass es im Leben eines jeden Menschen nicht immer hervorragend l\u00e4uft und auch richtig schwierige Zeiten scheinbar keine gro\u00dfe Ausnahme darstellen, ist eine bekannte Tatsache. Sicherlich gibt es sehr schwere Formen der <a href=\"http:\/\/www.yamedo.de\/krankheiten\/psy\/depressionen.htm\" target=\"_blank\" rel=\"noopener noreferrer\">Depression<\/a>, die vor\u00fcbergehend mit Medikamenten behandelt werden k\u00f6nnen, doch gerade in der leichten Form der Depression h\u00e4tte der Genuss eines Glas Weines dabei wohl fast einen \u00e4hnlichen Effekt, n\u00e4mlich: den betreffenden Menschen ruhig zu stellen.<\/p>\n<p>Dass das keinen l\u00e4ngerfristigen Nutzen birgt, sollte sp\u00e4testens bei diesem Beispiel deutlich werden. Warum sollten es Medikamente da also besser machen? Doch nichts zu tun, kann in mehrfacher Hinsicht ein Fehler sein. Es existieren bereits einige Studien, die den Zusammenhang zwischen <a href=\"http:\/\/www.yamedo.de\/blog\/depression-und-herzinfarkte-2011\/\" target=\"_blank\" rel=\"noopener noreferrer\">Depression und Herzinfarkt<\/a> untersucht haben. Auch finden nachweislich mehr <a href=\"http:\/\/www.naturheilt.com\/Inhalt\/Bandscheiben.htm\">Bandscheibenerkrankungen<\/a> bei\u00a0 stress- und depressionsgeplagten Menschen als bei denen, die ausgeglichen leben.<\/p>\n<p><strong>Annahme der Emotionen<\/strong><\/p>\n<p>Schon der Klang des Wortes &#8222;Depression&#8220; birgt auf den ersten Blick Trauer, Schrecken und Schatten, zumal in den Medien immer wieder von in der \u00d6ffentlichkeit stehenden Menschen berichtet wird, die sich aufgrund einer Depression das Leben genommen haben. Bei n\u00e4herer Betrachtung jedoch ist festzustellen, dass viele dieser Menschen sich ihrem Gef\u00fchlsleben leider nicht stellten, sondern es schlichtweg verdr\u00e4ngten, um in der \u00d6ffentlichkeit nicht aufzufallen. Schlie\u00dflich ist die Diagnose &#8222;Depression&#8220; in gewisser Hinsicht immer noch ein Tabu-Thema, vor allem, wenn es um die eigene Person geht.<\/p>\n<p>Betroffene haben oft Angst, nicht der gesellschaftlichen Norm zu entsprechen und vielleicht negativ anzuecken, denn noch immer ist diese Gesellschaft eine Leistungs- und Konsumgesellschaft (das beginnt bereits bei der Ausbildung, es gibt auch schon <a href=\"http:\/\/www.yamedo.de\/blog\/depressive-studenten-2011\/\" target=\"_blank\" rel=\"noopener noreferrer\">depressive Studenten<\/a>).<\/p>\n<p>Davon sollte sich ein Mensch jedoch nicht abschrecken lassen, immerhin geht es um das eigene Wohl und um das eigene Leben, und da geh\u00f6ren emotional anstrengendere Zeiten einfach dazu. Wer das Wort &#8222;Depression&#8220; nicht mag, muss seine Phase \u00fcbrigens auch nicht so nennen. Viele Menschen haben hier und da ein emotionales Tief in ihrem Leben, doch die L\u00f6sung kann nicht sein, den Kopf in den Sand zu stecken und auf die Segnungen der Pharmaindustrie zu hoffen. Im Gegenteil, es ist Aktivit\u00e4t gefragt: Betroffene, die auf eine Depression zur\u00fcckblicken, sind dieses Tief direkt angegangen, anstatt es mit Medikamenten zu unterdr\u00fccken oder zu verdr\u00e4ngen.<\/p>\n<p><strong>Ursachen und Hintergr\u00fcnde<\/strong><\/p>\n<p>Nat\u00fcrlich verschwindet solch ein seelisches Tief nicht immer von selbst, aber anstatt diese negativen Emotionen unterdr\u00fccken zu wollen, sollte der Betreffende sie als ein Zeichen oder als eine Art &#8222;Wegweiser&#8220; betrachten. Irgendetwas l\u00e4uft im Leben vielleicht so, wie es nicht gut tut: Eine Umbruchphase kann der Grund sein, Probleme in der Partnerschaft, Arbeitslosigkeit, zu viel Stress, Langeweile, Unzufriedenheit mit dem eigenen Lebensstil, \u00c4rger mit dem Nachwuchs usw.<\/p>\n<p>Die Gr\u00fcnde sind dabei oft so unterschiedlich wie die Menschen selber, doch die Symptome gleichen sich, und so auch die L\u00f6sung. Am wichtigsten ist es, dieses Tief oder diese besondere Lebenssituation zun\u00e4chst einmal anzunehmen. L\u00f6sungsans\u00e4tze m\u00fcssen auch nicht sofort gefunden werden &#8211; meist setzt das den Betreffenden noch mehr unter Druck. In so einer schweren Zeit sollte der Mensch es besonders gut mit sich meinen und sich regelm\u00e4\u00dfig etwas g\u00f6nnen, so dass Geist und Seele mal wieder richtig verw\u00f6hnt werden.<\/p>\n<p><strong>\u00dcbrigens: Wenn Sie solche Informationen interessieren, dann fordern Sie unbedingt meinen Praxis-Newsletter mit den &#8222;5 Wundermitteln&#8220; an:<\/strong><br \/>\n<script type=\"text\/javascript\" src=\"https:\/\/app.getresponse.com\/view_webform_v2.js?u=93&#038;webforms_id=BWRfm\"><\/script><\/p>\n<p>Kleine Anmerkung: Die Sache mit den &#8222;5 Wundermitteln&#8220; ist mit Abstand der beliebteste Newsletter, den meine Patienten gerne lesen&#8230;<\/p>\n<p><strong>Balsam f\u00fcr die Seele<\/strong><\/p>\n<p>Besonderen Balsam f\u00fcr die Seele bietet immer wieder die Natur. Die Elemente Wasser, Luft, Erde und Wasser tun jedem Menschen gut, doch wer sich gerade in einer schwierigen Zeit befindet, wei\u00df die Segnungen der Natur besonders zu sch\u00e4tzen. Manchmal muss ein Patient sich vielleicht erst aufraffen und versp\u00fcrt so gar keine Lust, seine Wohnung zu verlassen, doch bereits nach einer Stunde Aufenthalt in der Natur beginnt diese, ihre positive Wirkung zu erzielen. Dabei k\u00f6nnen auch Ausfl\u00fcge oder Urlaub gemacht werden. Vielleicht leidet der betroffene Mensch auch unter einer grober Eint\u00f6nigkeit in seinem Leben. In diesem Fall sollte etwas Besonderes passieren, zum Beispiel ein Fallschirmflug gebucht werden oder eine Wanderung durch steiles Gebirge.<\/p>\n<p>Die M\u00f6glichkeiten sind mannigfaltig gegeben und besondere Lebensumst\u00e4nde erfordern besondere Ma\u00dfnahmen. In erster Linie sollte der Mensch sich deshalb auch als Mensch sehen und nicht als Patient. Interessante Literatur und Filme k\u00f6nnen ebenfalls den Geist positiv anregen, genauso wie gutes Essen oder \u00fcberhaupt eine ver\u00e4nderte Ern\u00e4hrung. Manches Mal ist ein <a href=\"http:\/\/www.vitalstoffmedizin.com\/Vorbeugung-Demenz-Schlaganfall-Parkinson-Depression.html\" target=\"_blank\" rel=\"noopener noreferrer\">Mangel an Vitamin B<\/a> verantwortlich, und auch eine <a href=\"http:\/\/www.gesund-heilfasten.de\/diaet\/blog\/kohlenhydratarme-ernahrung-depression\/\" target=\"_blank\" rel=\"noopener\">kohlenhydratarme Ern\u00e4hrung f\u00f6rdert Depressionen<\/a>.<\/p>\n<p>Auch ein gest\u00f6rter Kaliumhaushalt kann Ursache sein, hier hilft zum Beispiel das <a href=\"http:\/\/www.yamedo.de\/heilverfahren\/schuesslersalze\/schuessler-salz-nr-5.html\" target=\"_blank\" rel=\"noopener noreferrer\">Sch\u00fcsslersalz Kaliumphosphat (Nr. 5)<\/a>. Mit Heilkr\u00e4utern wie <a href=\"http:\/\/www.yamedo.de\/blog\/zitronenmelisse-und-rosmarin-gegen-winterdepression\/\" target=\"_blank\" rel=\"noopener noreferrer\">Zitronenmelisse und Rosmarin kann gegen Winterdepression<\/a> angegangen werden, die auch mit einer <a href=\"http:\/\/www.yamedo.de\/heilverfahren\/Lichttherapie.html\" target=\"_blank\" rel=\"noopener noreferrer\">Lichttherapie<\/a> deutlich verbessert werden kann.<\/p>\n<p>Doch all dies kann nur unterst\u00fctzend wirken. Die Hauptsache ist, dass die eigenen Gef\u00fchle und Emotionen nicht verleugnet werden, um in der Gesellschaft \u201eunauff\u00e4llig\u201c zu funktionieren.<\/p>\n<p><strong>\u00dcbrigens: Wenn Sie solche Informationen interessieren, dann fordern Sie unbedingt meinen kostenlosen Praxis-Newsletter &#8222;Unabh\u00e4ngig. Nat\u00fcrlich. Klare Kante.&#8220; dazu an:<\/strong><br \/>\n<script type=\"text\/javascript\" src=\"https:\/\/rene-graeber.de\/view_webform_v2.js?u=v9&#038;webforms_id=pL1KE\"><\/script><\/p>\n<p>Beitragsbild: 123rf.com &#8211; Sergey Nivens<\/p>\n","protected":false},"excerpt":{"rendered":"<p>Wer sich \u00fcber einen l\u00e4ngeren Zeitraum hinweg emotional und psychisch labil oder gar richtig elend f\u00fchlt, geht in der Regel zum Arzt, um sich untersuchen zu lassen. Liegen keine k\u00f6rperlichen Beschwerden vor, wird nicht selten die Diagnose &#8222;Depression&#8220; gestellt und entsprechende Medikamente verschrieben. Leider gehen diese Medikamente keineswegs die Ursachen der seelischen Beschwerden an, nicht [&hellip;]<\/p>\n","protected":false},"author":19,"featured_media":3433,"comment_status":"open","ping_status":"open","sticky":false,"template":"","format":"standard","meta":{"_lmt_disableupdate":"","_lmt_disable":"","footnotes":""},"categories":[1],"tags":[290],"class_list":["post-1227","post","type-post","status-publish","format-standard","has-post-thumbnail","hentry","category-allgemein","tag-depression"],"modified_by":"Ren\u00e9 Gr\u00e4ber","_links":{"self":[{"href":"https:\/\/naturheilt.com\/blog\/wp-json\/wp\/v2\/posts\/1227","targetHints":{"allow":["GET"]}}],"collection":[{"href":"https:\/\/naturheilt.com\/blog\/wp-json\/wp\/v2\/posts"}],"about":[{"href":"https:\/\/naturheilt.com\/blog\/wp-json\/wp\/v2\/types\/post"}],"author":[{"embeddable":true,"href":"https:\/\/naturheilt.com\/blog\/wp-json\/wp\/v2\/users\/19"}],"replies":[{"embeddable":true,"href":"https:\/\/naturheilt.com\/blog\/wp-json\/wp\/v2\/comments?post=1227"}],"version-history":[{"count":1,"href":"https:\/\/naturheilt.com\/blog\/wp-json\/wp\/v2\/posts\/1227\/revisions"}],"predecessor-version":[{"id":6845,"href":"https:\/\/naturheilt.com\/blog\/wp-json\/wp\/v2\/posts\/1227\/revisions\/6845"}],"wp:featuredmedia":[{"embeddable":true,"href":"https:\/\/naturheilt.com\/blog\/wp-json\/wp\/v2\/media\/3433"}],"wp:attachment":[{"href":"https:\/\/naturheilt.com\/blog\/wp-json\/wp\/v2\/media?parent=1227"}],"wp:term":[{"taxonomy":"category","embeddable":true,"href":"https:\/\/naturheilt.com\/blog\/wp-json\/wp\/v2\/categories?post=1227"},{"taxonomy":"post_tag","embeddable":true,"href":"https:\/\/naturheilt.com\/blog\/wp-json\/wp\/v2\/tags?post=1227"}],"curies":[{"name":"wp","href":"https:\/\/api.w.org\/{rel}","templated":true}]}}